{"id":9744,"date":"2023-03-31T21:06:20","date_gmt":"2023-03-31T19:06:20","guid":{"rendered":"https:\/\/sp6kwidzyn.pl\/?p=9744"},"modified":"2023-04-03T12:24:51","modified_gmt":"2023-04-03T10:24:51","slug":"mikolaj-finalista-z-geografii","status":"publish","type":"post","link":"https:\/\/sp6kwidzyn.pl\/?p=9744","title":{"rendered":"Miko\u0142aj &#8211; finalist\u0105 z geografii!!!"},"content":{"rendered":"<p><strong><img loading=\"lazy\" decoding=\"async\" class=\"aligncenter wp-image-9754\" src=\"https:\/\/sp6kwidzyn.pl\/wp-content\/uploads\/2023\/03\/IMG_66631.jpg\" alt=\"\" width=\"256\" height=\"192\" srcset=\"https:\/\/sp6kwidzyn.pl\/wp-content\/uploads\/2023\/03\/IMG_66631.jpg 800w, https:\/\/sp6kwidzyn.pl\/wp-content\/uploads\/2023\/03\/IMG_66631-300x225.jpg 300w, https:\/\/sp6kwidzyn.pl\/wp-content\/uploads\/2023\/03\/IMG_66631-768x576.jpg 768w, https:\/\/sp6kwidzyn.pl\/wp-content\/uploads\/2023\/03\/IMG_66631-640x480.jpg 640w\" sizes=\"auto, (max-width: 256px) 100vw, 256px\" \/>Miko\u0142aj Przyborowski<\/strong> zosta\u0142 <strong>finalist\u0105<\/strong> w <strong>Wojew\u00f3dzkim konkursie z geografii<\/strong> dla uczni\u00f3w klas IV &#8211; VIII szk\u00f3\u0142 podstawowych wojew\u00f3dztwa pomorskiego w roku szkolnym <strong>2022\/2023. <\/strong>Miko\u0142aja przegotowa\u0142a do konkursu Pani<strong> Nela Sz\u0142ejko.<\/strong><\/p>\n<p style=\"text-align: right;\"><strong>Ogromne gratulacje<\/strong>!!!<\/p>\n<p><img loading=\"lazy\" decoding=\"async\" class=\"wp-image-493 alignright\" src=\"https:\/\/sp6kwidzyn.pl\/wp-content\/uploads\/2019\/03\/oklaski.png\" alt=\"\" width=\"204\" height=\"147\" srcset=\"https:\/\/sp6kwidzyn.pl\/wp-content\/uploads\/2019\/03\/oklaski.png 398w, https:\/\/sp6kwidzyn.pl\/wp-content\/uploads\/2019\/03\/oklaski-300x216.png 300w\" sizes=\"auto, (max-width: 204px) 100vw, 204px\" \/><\/p>\n","protected":false},"excerpt":{"rendered":"<p>Miko\u0142aj Przyborowski zosta\u0142 finalist\u0105 w Wojew\u00f3dzkim konkursie z geografii dla uczni\u00f3w klas IV &#8211; VIII szk\u00f3\u0142 podstawowych wojew\u00f3dztwa pomorskiego w [&hellip;]<\/p>\n","protected":false},"author":1,"featured_media":9754,"comment_status":"closed","ping_status":"closed","sticky":false,"template":"","format":"standard","meta":{"footnotes":""},"categories":[1],"tags":[],"class_list":["post-9744","post","type-post","status-publish","format-standard","has-post-thumbnail","hentry","category-bez-kategorii","has_thumb"],"aioseo_notices":[],"_links":{"self":[{"href":"https:\/\/sp6kwidzyn.pl\/index.php?rest_route=\/wp\/v2\/posts\/9744","targetHints":{"allow":["GET"]}}],"collection":[{"href":"https:\/\/sp6kwidzyn.pl\/index.php?rest_route=\/wp\/v2\/posts"}],"about":[{"href":"https:\/\/sp6kwidzyn.pl\/index.php?rest_route=\/wp\/v2\/types\/post"}],"author":[{"embeddable":true,"href":"https:\/\/sp6kwidzyn.pl\/index.php?rest_route=\/wp\/v2\/users\/1"}],"replies":[{"embeddable":true,"href":"https:\/\/sp6kwidzyn.pl\/index.php?rest_route=%2Fwp%2Fv2%2Fcomments&post=9744"}],"version-history":[{"count":3,"href":"https:\/\/sp6kwidzyn.pl\/index.php?rest_route=\/wp\/v2\/posts\/9744\/revisions"}],"predecessor-version":[{"id":9756,"href":"https:\/\/sp6kwidzyn.pl\/index.php?rest_route=\/wp\/v2\/posts\/9744\/revisions\/9756"}],"wp:featuredmedia":[{"embeddable":true,"href":"https:\/\/sp6kwidzyn.pl\/index.php?rest_route=\/wp\/v2\/media\/9754"}],"wp:attachment":[{"href":"https:\/\/sp6kwidzyn.pl\/index.php?rest_route=%2Fwp%2Fv2%2Fmedia&parent=9744"}],"wp:term":[{"taxonomy":"category","embeddable":true,"href":"https:\/\/sp6kwidzyn.pl\/index.php?rest_route=%2Fwp%2Fv2%2Fcategories&post=9744"},{"taxonomy":"post_tag","embeddable":true,"href":"https:\/\/sp6kwidzyn.pl\/index.php?rest_route=%2Fwp%2Fv2%2Ftags&post=9744"}],"curies":[{"name":"wp","href":"https:\/\/api.w.org\/{rel}","templated":true}]}}