{"id":9701,"date":"2023-03-17T21:51:59","date_gmt":"2023-03-17T20:51:59","guid":{"rendered":"https:\/\/sp6kwidzyn.pl\/?p=9701"},"modified":"2023-04-26T13:09:50","modified_gmt":"2023-04-26T11:09:50","slug":"wiktor-laureatem-wojewodzkiego-konkursu-z-historii","status":"publish","type":"post","link":"https:\/\/sp6kwidzyn.pl\/?p=9701","title":{"rendered":"Wiktor LAUREATEM Wojew\u00f3dzkiego Konkursu z Historii"},"content":{"rendered":"<p><strong>Wiktor Laskowski<\/strong> ze <strong>Szko\u0142y Podstawowej nr 6 z Oddzia\u0142ami Integracyjnymi im. W\u0142adys\u0142awa G\u0119bika w Kwidzynie<\/strong> zosta\u0142 <strong>laureatem Wojew\u00f3dzkiego Konkursu z Historii<\/strong>. Przygotowywa\u0142 si\u0119 pod czujnym okiem nauczyciela <strong>Dawida Reschke<\/strong>.<\/p>\n<p><a title=\"Link zosta\u0142 skonwertowany ze wzgl\u0119d\u00f3w bezpiecze\u0144stwa systemu.\" href=\"https:\/\/liblink.pl\/apivNTByaZ\" target=\"_blank\" rel=\"noopener\">https:\/\/liblink.pl\/apivNTByaZ<\/a><\/p>\n<div id=\"metaslider-id-9778\" style=\"width: 100%; margin: 0 auto;\" class=\"ml-slider-3-112-0 metaslider metaslider-flex metaslider-9778 ml-slider has-dots-nav has-carousel-mode ms-theme-default\" role=\"region\" aria-label=\"Wiktor Laureatem\" data-height=\"370\" data-width=\"470\">\n    <div id=\"metaslider_container_9778\">\n        <div id=\"metaslider_9778\">\n            <ul class='slides'>\n                <li style=\"display: none; width: 100%;\" class=\"slide-9779 ms-image \" aria-roledescription=\"slide\" data-date=\"2023-04-04 21:29:24\" data-filename=\"zdj4.jpg\" data-slide-type=\"image\"><a href=\"https:\/\/sp6kwidzyn.pl\/wp-content\/uploads\/2023\/03\/zdj4.jpg\" target=\"_self\" aria-label=\"Wy\u015bwietl szczeg\u00f3\u0142y slajdu\" class=\"metaslider_image_link\"><img loading=\"lazy\" decoding=\"async\" width=\"1806\" height=\"1197\" src=\"https:\/\/sp6kwidzyn.pl\/wp-content\/uploads\/2023\/03\/zdj4.jpg\" class=\"slider-9778 slide-9779 msDefaultImage\" alt=\"\" rel=\"\" title=\"zdj4\" srcset=\"https:\/\/sp6kwidzyn.pl\/wp-content\/uploads\/2023\/03\/zdj4.jpg 1806w, https:\/\/sp6kwidzyn.pl\/wp-content\/uploads\/2023\/03\/zdj4-300x199.jpg 300w, https:\/\/sp6kwidzyn.pl\/wp-content\/uploads\/2023\/03\/zdj4-1024x679.jpg 1024w, https:\/\/sp6kwidzyn.pl\/wp-content\/uploads\/2023\/03\/zdj4-768x509.jpg 768w, https:\/\/sp6kwidzyn.pl\/wp-content\/uploads\/2023\/03\/zdj4-1536x1018.jpg 1536w\" sizes=\"auto, (max-width: 1806px) 100vw, 1806px\" \/><\/a><\/li>\n                <li style=\"display: none; width: 100%;\" class=\"slide-9780 ms-image \" aria-roledescription=\"slide\" data-date=\"2023-04-04 21:30:07\" data-filename=\"zdj1.jpg\" data-slide-type=\"image\"><a href=\"https:\/\/sp6kwidzyn.pl\/wp-content\/uploads\/2023\/03\/zdj1.jpg\" target=\"_self\" aria-label=\"Wy\u015bwietl szczeg\u00f3\u0142y slajdu\" class=\"metaslider_image_link\"><img loading=\"lazy\" decoding=\"async\" width=\"1256\" height=\"1884\" src=\"https:\/\/sp6kwidzyn.pl\/wp-content\/uploads\/2023\/03\/zdj1.jpg\" class=\"slider-9778 slide-9780 msDefaultImage\" alt=\"\" rel=\"\" title=\"zdj1\" srcset=\"https:\/\/sp6kwidzyn.pl\/wp-content\/uploads\/2023\/03\/zdj1.jpg 1256w, https:\/\/sp6kwidzyn.pl\/wp-content\/uploads\/2023\/03\/zdj1-200x300.jpg 200w, https:\/\/sp6kwidzyn.pl\/wp-content\/uploads\/2023\/03\/zdj1-683x1024.jpg 683w, https:\/\/sp6kwidzyn.pl\/wp-content\/uploads\/2023\/03\/zdj1-768x1152.jpg 768w, https:\/\/sp6kwidzyn.pl\/wp-content\/uploads\/2023\/03\/zdj1-1024x1536.jpg 1024w\" sizes=\"auto, (max-width: 1256px) 100vw, 1256px\" \/><\/a><\/li>\n                <li style=\"display: none; width: 100%;\" class=\"slide-9781 ms-image \" aria-roledescription=\"slide\" data-date=\"2023-04-04 21:30:22\" data-filename=\"zdj2.jpg\" data-slide-type=\"image\"><a href=\"https:\/\/sp6kwidzyn.pl\/wp-content\/uploads\/2023\/03\/zdj2.jpg\" target=\"_self\" aria-label=\"Wy\u015bwietl szczeg\u00f3\u0142y slajdu\" class=\"metaslider_image_link\"><img loading=\"lazy\" decoding=\"async\" width=\"1116\" height=\"1672\" src=\"https:\/\/sp6kwidzyn.pl\/wp-content\/uploads\/2023\/03\/zdj2.jpg\" class=\"slider-9778 slide-9781 msDefaultImage\" alt=\"\" rel=\"\" title=\"zdj2\" srcset=\"https:\/\/sp6kwidzyn.pl\/wp-content\/uploads\/2023\/03\/zdj2.jpg 1116w, https:\/\/sp6kwidzyn.pl\/wp-content\/uploads\/2023\/03\/zdj2-200x300.jpg 200w, https:\/\/sp6kwidzyn.pl\/wp-content\/uploads\/2023\/03\/zdj2-683x1024.jpg 683w, https:\/\/sp6kwidzyn.pl\/wp-content\/uploads\/2023\/03\/zdj2-768x1151.jpg 768w, https:\/\/sp6kwidzyn.pl\/wp-content\/uploads\/2023\/03\/zdj2-1025x1536.jpg 1025w\" sizes=\"auto, (max-width: 1116px) 100vw, 1116px\" \/><\/a><\/li>\n                <li style=\"display: none; width: 100%;\" class=\"slide-9782 ms-image \" aria-roledescription=\"slide\" data-date=\"2023-04-04 21:30:38\" data-filename=\"zdj3-scaled.jpg\" data-slide-type=\"image\"><img loading=\"lazy\" decoding=\"async\" width=\"2560\" height=\"1707\" src=\"https:\/\/sp6kwidzyn.pl\/wp-content\/uploads\/2023\/03\/zdj3-scaled.jpg\" class=\"slider-9778 slide-9782 msDefaultImage\" alt=\"\" rel=\"\" title=\"zdj3\" srcset=\"https:\/\/sp6kwidzyn.pl\/wp-content\/uploads\/2023\/03\/zdj3-scaled.jpg 2560w, https:\/\/sp6kwidzyn.pl\/wp-content\/uploads\/2023\/03\/zdj3-300x200.jpg 300w, https:\/\/sp6kwidzyn.pl\/wp-content\/uploads\/2023\/03\/zdj3-1024x683.jpg 1024w, https:\/\/sp6kwidzyn.pl\/wp-content\/uploads\/2023\/03\/zdj3-768x512.jpg 768w, https:\/\/sp6kwidzyn.pl\/wp-content\/uploads\/2023\/03\/zdj3-1536x1024.jpg 1536w, https:\/\/sp6kwidzyn.pl\/wp-content\/uploads\/2023\/03\/zdj3-2048x1366.jpg 2048w, https:\/\/sp6kwidzyn.pl\/wp-content\/uploads\/2023\/03\/zdj3-480x320.jpg 480w\" sizes=\"auto, (max-width: 2560px) 100vw, 2560px\" \/><\/li>\n            <\/ul>\n        <\/div>\n        \n    <\/div>\n<\/div>\n<p style=\"text-align: right;\"><img loading=\"lazy\" decoding=\"async\" class=\" wp-image-493 alignnone\" src=\"https:\/\/sp6kwidzyn.pl\/wp-content\/uploads\/2019\/03\/oklaski.png\" alt=\"\" width=\"214\" height=\"154\" srcset=\"https:\/\/sp6kwidzyn.pl\/wp-content\/uploads\/2019\/03\/oklaski.png 398w, https:\/\/sp6kwidzyn.pl\/wp-content\/uploads\/2019\/03\/oklaski-300x216.png 300w\" sizes=\"auto, (max-width: 214px) 100vw, 214px\" \/><br \/>\n<strong>Serdecznie gratulujemy!!!<\/strong><\/p>\n","protected":false},"excerpt":{"rendered":"<p>Wiktor Laskowski ze Szko\u0142y Podstawowej nr 6 z Oddzia\u0142ami Integracyjnymi im. W\u0142adys\u0142awa G\u0119bika w Kwidzynie zosta\u0142 laureatem Wojew\u00f3dzkiego Konkursu z [&hellip;]<\/p>\n","protected":false},"author":1,"featured_media":9776,"comment_status":"closed","ping_status":"closed","sticky":false,"template":"","format":"standard","meta":{"footnotes":""},"categories":[1],"tags":[],"class_list":["post-9701","post","type-post","status-publish","format-standard","has-post-thumbnail","hentry","category-bez-kategorii","has_thumb"],"aioseo_notices":[],"aioseo_head":"\n\t\t<!-- All in One SEO 5.0.1.1 - aioseo.com -->\n\t<meta name=\"robots\" content=\"max-image-preview:large\" \/>\n\t<meta name=\"author\" content=\"admin\"\/>\n\t<link rel=\"canonical\" href=\"https:\/\/sp6kwidzyn.pl\/?p=9701\" \/>\n\t<meta name=\"generator\" content=\"All in One SEO (AIOSEO) 5.0.1.1\" \/>\n\t\t<script type=\"application\/ld+json\" class=\"aioseo-schema\">\n\t\t\t{\"@context\":\"https:\\\/\\\/schema.org\",\"@graph\":[{\"@type\":\"Article\",\"@id\":\"https:\\\/\\\/sp6kwidzyn.pl\\\/?p=9701#article\",\"name\":\"Wiktor LAUREATEM Wojew\\u00f3dzkiego Konkursu z Historii | Szko\\u0142a Podstawowa nr 6 im. W\\u0142adys\\u0142awa G\\u0119bika w Kwidzynie\",\"headline\":\"Wiktor LAUREATEM Wojew\\u00f3dzkiego Konkursu z Historii\",\"author\":{\"@id\":\"https:\\\/\\\/sp6kwidzyn.pl\\\/?author=1#author\"},\"publisher\":{\"@id\":\"https:\\\/\\\/sp6kwidzyn.pl\\\/#organization\"},\"image\":{\"@type\":\"ImageObject\",\"url\":\"https:\\\/\\\/sp6kwidzyn.pl\\\/wp-content\\\/uploads\\\/2023\\\/03\\\/zdj4.jpg\",\"width\":1806,\"height\":1197},\"datePublished\":\"2023-03-17T21:51:59+01:00\",\"dateModified\":\"2023-04-26T13:09:50+02:00\",\"inLanguage\":\"pl-PL\",\"mainEntityOfPage\":{\"@id\":\"https:\\\/\\\/sp6kwidzyn.pl\\\/?p=9701#webpage\"},\"isPartOf\":{\"@id\":\"https:\\\/\\\/sp6kwidzyn.pl\\\/?p=9701#webpage\"},\"articleSection\":\"Bez kategorii\"},{\"@type\":\"BreadcrumbList\",\"@id\":\"https:\\\/\\\/sp6kwidzyn.pl\\\/?p=9701#breadcrumblist\",\"itemListElement\":[{\"@type\":\"ListItem\",\"@id\":\"https:\\\/\\\/sp6kwidzyn.pl#listItem\",\"position\":1,\"name\":\"Home\",\"item\":\"https:\\\/\\\/sp6kwidzyn.pl\",\"nextItem\":{\"@type\":\"ListItem\",\"@id\":\"https:\\\/\\\/sp6kwidzyn.pl\\\/?cat=1#listItem\",\"name\":\"Bez kategorii\"}},{\"@type\":\"ListItem\",\"@id\":\"https:\\\/\\\/sp6kwidzyn.pl\\\/?cat=1#listItem\",\"position\":2,\"name\":\"Bez kategorii\",\"item\":\"https:\\\/\\\/sp6kwidzyn.pl\\\/?cat=1\",\"nextItem\":{\"@type\":\"ListItem\",\"@id\":\"https:\\\/\\\/sp6kwidzyn.pl\\\/?p=9701#listItem\",\"name\":\"Wiktor LAUREATEM Wojew\\u00f3dzkiego Konkursu z Historii\"},\"previousItem\":{\"@type\":\"ListItem\",\"@id\":\"https:\\\/\\\/sp6kwidzyn.pl#listItem\",\"name\":\"Home\"}},{\"@type\":\"ListItem\",\"@id\":\"https:\\\/\\\/sp6kwidzyn.pl\\\/?p=9701#listItem\",\"position\":3,\"name\":\"Wiktor LAUREATEM Wojew\\u00f3dzkiego Konkursu z Historii\",\"previousItem\":{\"@type\":\"ListItem\",\"@id\":\"https:\\\/\\\/sp6kwidzyn.pl\\\/?cat=1#listItem\",\"name\":\"Bez kategorii\"}}]},{\"@type\":\"Organization\",\"@id\":\"https:\\\/\\\/sp6kwidzyn.pl\\\/#organization\",\"name\":\"Szko\\u0142a Podstawowa nr 6 w Kwidzynie im. dra W\\u0142adys\\u0142awa G\\u0119bika z Oddzia\\u0142ami Integracyjnymi\",\"description\":\"Wtryna SP6 w Kwidzynie\",\"url\":\"https:\\\/\\\/sp6kwidzyn.pl\\\/\",\"telephone\":\"+48552793444\"},{\"@type\":\"Person\",\"@id\":\"https:\\\/\\\/sp6kwidzyn.pl\\\/?author=1#author\",\"url\":\"https:\\\/\\\/sp6kwidzyn.pl\\\/?author=1\",\"name\":\"admin\"},{\"@type\":\"WebPage\",\"@id\":\"https:\\\/\\\/sp6kwidzyn.pl\\\/?p=9701#webpage\",\"url\":\"https:\\\/\\\/sp6kwidzyn.pl\\\/?p=9701\",\"name\":\"Wiktor LAUREATEM Wojew\\u00f3dzkiego Konkursu z Historii | Szko\\u0142a Podstawowa nr 6 im. W\\u0142adys\\u0142awa G\\u0119bika w Kwidzynie\",\"inLanguage\":\"pl-PL\",\"isPartOf\":{\"@id\":\"https:\\\/\\\/sp6kwidzyn.pl\\\/#website\"},\"breadcrumb\":{\"@id\":\"https:\\\/\\\/sp6kwidzyn.pl\\\/?p=9701#breadcrumblist\"},\"author\":{\"@id\":\"https:\\\/\\\/sp6kwidzyn.pl\\\/?author=1#author\"},\"creator\":{\"@id\":\"https:\\\/\\\/sp6kwidzyn.pl\\\/?author=1#author\"},\"image\":{\"@type\":\"ImageObject\",\"url\":\"https:\\\/\\\/sp6kwidzyn.pl\\\/wp-content\\\/uploads\\\/2023\\\/03\\\/zdj4.jpg\",\"@id\":\"https:\\\/\\\/sp6kwidzyn.pl\\\/?p=9701\\\/#mainImage\",\"width\":1806,\"height\":1197},\"primaryImageOfPage\":{\"@id\":\"https:\\\/\\\/sp6kwidzyn.pl\\\/?p=9701#mainImage\"},\"datePublished\":\"2023-03-17T21:51:59+01:00\",\"dateModified\":\"2023-04-26T13:09:50+02:00\"},{\"@type\":\"WebSite\",\"@id\":\"https:\\\/\\\/sp6kwidzyn.pl\\\/#website\",\"url\":\"https:\\\/\\\/sp6kwidzyn.pl\\\/\",\"name\":\"Szko\\u0142a Podstawowa nr 6 im. W\\u0142adys\\u0142awa G\\u0119bika w Kwidzynie\",\"description\":\"Wtryna SP6 w Kwidzynie\",\"inLanguage\":\"pl-PL\",\"publisher\":{\"@id\":\"https:\\\/\\\/sp6kwidzyn.pl\\\/#organization\"}}]}\n\t\t<\/script>\n\t\t<!-- All in One SEO -->\n\n","aioseo_head_json":{"title":"Wiktor LAUREATEM Wojew\u00f3dzkiego Konkursu z Historii | Szko\u0142a Podstawowa nr 6 im. W\u0142adys\u0142awa G\u0119bika w Kwidzynie","description":"","canonical_url":"https:\/\/sp6kwidzyn.pl\/?p=9701","robots":"max-image-preview:large","keywords":"","webmasterTools":{"miscellaneous":""},"schema":{"@context":"https:\/\/schema.org","@graph":[{"@type":"Article","@id":"https:\/\/sp6kwidzyn.pl\/?p=9701#article","name":"Wiktor LAUREATEM Wojew\u00f3dzkiego Konkursu z Historii | Szko\u0142a Podstawowa nr 6 im. W\u0142adys\u0142awa G\u0119bika w Kwidzynie","headline":"Wiktor LAUREATEM Wojew\u00f3dzkiego Konkursu z Historii","author":{"@id":"https:\/\/sp6kwidzyn.pl\/?author=1#author"},"publisher":{"@id":"https:\/\/sp6kwidzyn.pl\/#organization"},"image":{"@type":"ImageObject","url":"https:\/\/sp6kwidzyn.pl\/wp-content\/uploads\/2023\/03\/zdj4.jpg","width":1806,"height":1197},"datePublished":"2023-03-17T21:51:59+01:00","dateModified":"2023-04-26T13:09:50+02:00","inLanguage":"pl-PL","mainEntityOfPage":{"@id":"https:\/\/sp6kwidzyn.pl\/?p=9701#webpage"},"isPartOf":{"@id":"https:\/\/sp6kwidzyn.pl\/?p=9701#webpage"},"articleSection":"Bez kategorii"},{"@type":"BreadcrumbList","@id":"https:\/\/sp6kwidzyn.pl\/?p=9701#breadcrumblist","itemListElement":[{"@type":"ListItem","@id":"https:\/\/sp6kwidzyn.pl#listItem","position":1,"name":"Home","item":"https:\/\/sp6kwidzyn.pl","nextItem":{"@type":"ListItem","@id":"https:\/\/sp6kwidzyn.pl\/?cat=1#listItem","name":"Bez kategorii"}},{"@type":"ListItem","@id":"https:\/\/sp6kwidzyn.pl\/?cat=1#listItem","position":2,"name":"Bez kategorii","item":"https:\/\/sp6kwidzyn.pl\/?cat=1","nextItem":{"@type":"ListItem","@id":"https:\/\/sp6kwidzyn.pl\/?p=9701#listItem","name":"Wiktor LAUREATEM Wojew\u00f3dzkiego Konkursu z Historii"},"previousItem":{"@type":"ListItem","@id":"https:\/\/sp6kwidzyn.pl#listItem","name":"Home"}},{"@type":"ListItem","@id":"https:\/\/sp6kwidzyn.pl\/?p=9701#listItem","position":3,"name":"Wiktor LAUREATEM Wojew\u00f3dzkiego Konkursu z Historii","previousItem":{"@type":"ListItem","@id":"https:\/\/sp6kwidzyn.pl\/?cat=1#listItem","name":"Bez kategorii"}}]},{"@type":"Organization","@id":"https:\/\/sp6kwidzyn.pl\/#organization","name":"Szko\u0142a Podstawowa nr 6 w Kwidzynie im. dra W\u0142adys\u0142awa G\u0119bika z Oddzia\u0142ami Integracyjnymi","description":"Wtryna SP6 w Kwidzynie","url":"https:\/\/sp6kwidzyn.pl\/","telephone":"+48552793444"},{"@type":"Person","@id":"https:\/\/sp6kwidzyn.pl\/?author=1#author","url":"https:\/\/sp6kwidzyn.pl\/?author=1","name":"admin"},{"@type":"WebPage","@id":"https:\/\/sp6kwidzyn.pl\/?p=9701#webpage","url":"https:\/\/sp6kwidzyn.pl\/?p=9701","name":"Wiktor LAUREATEM Wojew\u00f3dzkiego Konkursu z Historii | Szko\u0142a Podstawowa nr 6 im. W\u0142adys\u0142awa G\u0119bika w Kwidzynie","inLanguage":"pl-PL","isPartOf":{"@id":"https:\/\/sp6kwidzyn.pl\/#website"},"breadcrumb":{"@id":"https:\/\/sp6kwidzyn.pl\/?p=9701#breadcrumblist"},"author":{"@id":"https:\/\/sp6kwidzyn.pl\/?author=1#author"},"creator":{"@id":"https:\/\/sp6kwidzyn.pl\/?author=1#author"},"image":{"@type":"ImageObject","url":"https:\/\/sp6kwidzyn.pl\/wp-content\/uploads\/2023\/03\/zdj4.jpg","@id":"https:\/\/sp6kwidzyn.pl\/?p=9701\/#mainImage","width":1806,"height":1197},"primaryImageOfPage":{"@id":"https:\/\/sp6kwidzyn.pl\/?p=9701#mainImage"},"datePublished":"2023-03-17T21:51:59+01:00","dateModified":"2023-04-26T13:09:50+02:00"},{"@type":"WebSite","@id":"https:\/\/sp6kwidzyn.pl\/#website","url":"https:\/\/sp6kwidzyn.pl\/","name":"Szko\u0142a Podstawowa nr 6 im. W\u0142adys\u0142awa G\u0119bika w Kwidzynie","description":"Wtryna SP6 w Kwidzynie","inLanguage":"pl-PL","publisher":{"@id":"https:\/\/sp6kwidzyn.pl\/#organization"}}]}},"aioseo_meta_data":{"post_id":"9701","title":null,"description":null,"keywords":[],"keyphrases":{"focus":{"keyphrase":"","score":0,"analysis":{"keyphraseInTitle":{"score":0,"maxScore":9,"error":1}}},"additional":[]},"primary_term":null,"canonical_url":null,"og_title":null,"og_description":null,"og_object_type":"default","og_image_type":"default","og_image_url":null,"og_image_width":null,"og_image_height":null,"og_image_custom_url":null,"og_image_custom_fields":null,"og_video":"","og_custom_url":null,"og_article_section":null,"og_article_tags":[],"twitter_use_og":false,"twitter_card":"default","twitter_image_type":"default","twitter_image_url":null,"twitter_image_custom_url":null,"twitter_image_custom_fields":null,"twitter_title":null,"twitter_description":null,"schema":{"blockGraphs":[],"customGraphs":[],"default":{"data":{"Article":[],"Course":[],"Dataset":[],"FAQPage":[],"Movie":[],"Person":[],"Product":[],"ProductReview":[],"Car":[],"Recipe":[],"Service":[],"SoftwareApplication":[],"WebPage":[]},"graphName":"Article","isEnabled":true},"graphs":[]},"schema_type":"default","schema_type_options":null,"pillar_content":false,"robots_default":true,"robots_noindex":false,"robots_noarchive":false,"robots_nosnippet":false,"robots_nofollow":false,"robots_noimageindex":false,"robots_noodp":false,"robots_notranslate":false,"robots_max_snippet":"-1","robots_max_videopreview":"-1","robots_max_imagepreview":"large","priority":null,"frequency":"default","local_seo":null,"breadcrumb_settings":null,"limit_modified_date":false,"ai":null,"created":"2023-03-17 20:46:41","updated":"2023-04-26 11:09:50","seo_analyzer_scan_date":null,"focus_keyword":null,"additional_keywords":null,"truseo_locale":null},"_links":{"self":[{"href":"https:\/\/sp6kwidzyn.pl\/index.php?rest_route=\/wp\/v2\/posts\/9701","targetHints":{"allow":["GET"]}}],"collection":[{"href":"https:\/\/sp6kwidzyn.pl\/index.php?rest_route=\/wp\/v2\/posts"}],"about":[{"href":"https:\/\/sp6kwidzyn.pl\/index.php?rest_route=\/wp\/v2\/types\/post"}],"author":[{"embeddable":true,"href":"https:\/\/sp6kwidzyn.pl\/index.php?rest_route=\/wp\/v2\/users\/1"}],"replies":[{"embeddable":true,"href":"https:\/\/sp6kwidzyn.pl\/index.php?rest_route=%2Fwp%2Fv2%2Fcomments&post=9701"}],"version-history":[{"count":11,"href":"https:\/\/sp6kwidzyn.pl\/index.php?rest_route=\/wp\/v2\/posts\/9701\/revisions"}],"predecessor-version":[{"id":9841,"href":"https:\/\/sp6kwidzyn.pl\/index.php?rest_route=\/wp\/v2\/posts\/9701\/revisions\/9841"}],"wp:featuredmedia":[{"embeddable":true,"href":"https:\/\/sp6kwidzyn.pl\/index.php?rest_route=\/wp\/v2\/media\/9776"}],"wp:attachment":[{"href":"https:\/\/sp6kwidzyn.pl\/index.php?rest_route=%2Fwp%2Fv2%2Fmedia&parent=9701"}],"wp:term":[{"taxonomy":"category","embeddable":true,"href":"https:\/\/sp6kwidzyn.pl\/index.php?rest_route=%2Fwp%2Fv2%2Fcategories&post=9701"},{"taxonomy":"post_tag","embeddable":true,"href":"https:\/\/sp6kwidzyn.pl\/index.php?rest_route=%2Fwp%2Fv2%2Ftags&post=9701"}],"curies":[{"name":"wp","href":"https:\/\/api.w.org\/{rel}","templated":true}]}}