{"id":9685,"date":"2023-03-17T21:25:53","date_gmt":"2023-03-17T20:25:53","guid":{"rendered":"https:\/\/sp6kwidzyn.pl\/?p=9685"},"modified":"2023-03-17T21:26:41","modified_gmt":"2023-03-17T20:26:41","slug":"9685","status":"publish","type":"post","link":"https:\/\/sp6kwidzyn.pl\/?p=9685","title":{"rendered":"Szymon z powo\u0142aniem do kadry wojew\u00f3dztwa w pi\u0142ce no\u017cnej!"},"content":{"rendered":"<div><a href=\"https:\/\/sp6kwidzyn.pl\/wp-content\/uploads\/2023\/03\/C9FA9683-2F4E-4C2D-93B4-F57E98ACE8B7-min-scaled.jpeg\"><img loading=\"lazy\" decoding=\"async\" class=\"wp-image-9687 alignleft\" src=\"https:\/\/sp6kwidzyn.pl\/wp-content\/uploads\/2023\/03\/C9FA9683-2F4E-4C2D-93B4-F57E98ACE8B7-min-scaled.jpeg\" alt=\"\" width=\"175\" height=\"218\" srcset=\"https:\/\/sp6kwidzyn.pl\/wp-content\/uploads\/2023\/03\/C9FA9683-2F4E-4C2D-93B4-F57E98ACE8B7-min-scaled.jpeg 2048w, https:\/\/sp6kwidzyn.pl\/wp-content\/uploads\/2023\/03\/C9FA9683-2F4E-4C2D-93B4-F57E98ACE8B7-min-240x300.jpeg 240w, https:\/\/sp6kwidzyn.pl\/wp-content\/uploads\/2023\/03\/C9FA9683-2F4E-4C2D-93B4-F57E98ACE8B7-min-819x1024.jpeg 819w, https:\/\/sp6kwidzyn.pl\/wp-content\/uploads\/2023\/03\/C9FA9683-2F4E-4C2D-93B4-F57E98ACE8B7-min-768x960.jpeg 768w, https:\/\/sp6kwidzyn.pl\/wp-content\/uploads\/2023\/03\/C9FA9683-2F4E-4C2D-93B4-F57E98ACE8B7-min-1229x1536.jpeg 1229w, https:\/\/sp6kwidzyn.pl\/wp-content\/uploads\/2023\/03\/C9FA9683-2F4E-4C2D-93B4-F57E98ACE8B7-min-1638x2048.jpeg 1638w\" sizes=\"auto, (max-width: 175px) 100vw, 175px\" \/><\/a><\/div>\n<div><\/div>\n<div>Ucze\u0144 naszej szko\u0142y <strong>Szymon Kobus<\/strong> otrzyma\u0142 powo\u0142anie na <em><strong>konsultacje kadry wojew\u00f3dztwa w pi\u0142ce no\u017cnej<\/strong><\/em>. Szymon jest uczniem klasy <strong>sz\u00f3stej OMS<\/strong>.<\/div>\n<div><\/div>\n<div><\/div>\n<div style=\"text-align: right;\"><img loading=\"lazy\" decoding=\"async\" class=\"wp-image-493 alignnone\" src=\"https:\/\/sp6kwidzyn.pl\/wp-content\/uploads\/2019\/03\/oklaski.png\" alt=\"\" width=\"178\" height=\"128\" srcset=\"https:\/\/sp6kwidzyn.pl\/wp-content\/uploads\/2019\/03\/oklaski.png 398w, https:\/\/sp6kwidzyn.pl\/wp-content\/uploads\/2019\/03\/oklaski-300x216.png 300w\" sizes=\"auto, (max-width: 178px) 100vw, 178px\" \/><\/div>\n<div style=\"text-align: right;\"><strong>Gratulujemy i trzymamy kciuki<\/strong> &#xfe0f;<\/div>\n","protected":false},"excerpt":{"rendered":"<p>Ucze\u0144 naszej szko\u0142y Szymon Kobus otrzyma\u0142 powo\u0142anie na konsultacje kadry wojew\u00f3dztwa w pi\u0142ce no\u017cnej. Szymon jest uczniem klasy sz\u00f3stej OMS. [&hellip;]<\/p>\n","protected":false},"author":1,"featured_media":0,"comment_status":"closed","ping_status":"closed","sticky":false,"template":"","format":"standard","meta":{"footnotes":""},"categories":[1],"tags":[],"class_list":["post-9685","post","type-post","status-publish","format-standard","hentry","category-bez-kategorii","has_thumb"],"aioseo_notices":[],"aioseo_head":"\n\t\t<!-- All in One SEO 5.0.1.1 - aioseo.com -->\n\t<meta name=\"robots\" content=\"max-image-preview:large\" \/>\n\t<meta name=\"author\" content=\"admin\"\/>\n\t<link rel=\"canonical\" href=\"https:\/\/sp6kwidzyn.pl\/?p=9685\" \/>\n\t<meta name=\"generator\" content=\"All in One SEO (AIOSEO) 5.0.1.1\" \/>\n\t\t<script type=\"application\/ld+json\" class=\"aioseo-schema\">\n\t\t\t{\"@context\":\"https:\\\/\\\/schema.org\",\"@graph\":[{\"@type\":\"Article\",\"@id\":\"https:\\\/\\\/sp6kwidzyn.pl\\\/?p=9685#article\",\"name\":\"Szymon z powo\\u0142aniem do kadry wojew\\u00f3dztwa w pi\\u0142ce no\\u017cnej! | Szko\\u0142a Podstawowa nr 6 im. W\\u0142adys\\u0142awa G\\u0119bika w Kwidzynie\",\"headline\":\"Szymon z powo\\u0142aniem do kadry wojew\\u00f3dztwa w pi\\u0142ce no\\u017cnej!\",\"author\":{\"@id\":\"https:\\\/\\\/sp6kwidzyn.pl\\\/?author=1#author\"},\"publisher\":{\"@id\":\"https:\\\/\\\/sp6kwidzyn.pl\\\/#organization\"},\"image\":{\"@type\":\"ImageObject\",\"url\":\"https:\\\/\\\/sp6kwidzyn.pl\\\/wp-content\\\/uploads\\\/2023\\\/03\\\/C9FA9683-2F4E-4C2D-93B4-F57E98ACE8B7-min.jpeg\",\"@id\":\"https:\\\/\\\/sp6kwidzyn.pl\\\/?p=9685\\\/#articleImage\"},\"datePublished\":\"2023-03-17T21:25:53+01:00\",\"dateModified\":\"2023-03-17T21:26:41+01:00\",\"inLanguage\":\"pl-PL\",\"mainEntityOfPage\":{\"@id\":\"https:\\\/\\\/sp6kwidzyn.pl\\\/?p=9685#webpage\"},\"isPartOf\":{\"@id\":\"https:\\\/\\\/sp6kwidzyn.pl\\\/?p=9685#webpage\"},\"articleSection\":\"Bez kategorii\"},{\"@type\":\"BreadcrumbList\",\"@id\":\"https:\\\/\\\/sp6kwidzyn.pl\\\/?p=9685#breadcrumblist\",\"itemListElement\":[{\"@type\":\"ListItem\",\"@id\":\"https:\\\/\\\/sp6kwidzyn.pl#listItem\",\"position\":1,\"name\":\"Home\",\"item\":\"https:\\\/\\\/sp6kwidzyn.pl\",\"nextItem\":{\"@type\":\"ListItem\",\"@id\":\"https:\\\/\\\/sp6kwidzyn.pl\\\/?cat=1#listItem\",\"name\":\"Bez kategorii\"}},{\"@type\":\"ListItem\",\"@id\":\"https:\\\/\\\/sp6kwidzyn.pl\\\/?cat=1#listItem\",\"position\":2,\"name\":\"Bez kategorii\",\"item\":\"https:\\\/\\\/sp6kwidzyn.pl\\\/?cat=1\",\"nextItem\":{\"@type\":\"ListItem\",\"@id\":\"https:\\\/\\\/sp6kwidzyn.pl\\\/?p=9685#listItem\",\"name\":\"Szymon z powo\\u0142aniem do kadry wojew\\u00f3dztwa w pi\\u0142ce no\\u017cnej!\"},\"previousItem\":{\"@type\":\"ListItem\",\"@id\":\"https:\\\/\\\/sp6kwidzyn.pl#listItem\",\"name\":\"Home\"}},{\"@type\":\"ListItem\",\"@id\":\"https:\\\/\\\/sp6kwidzyn.pl\\\/?p=9685#listItem\",\"position\":3,\"name\":\"Szymon z powo\\u0142aniem do kadry wojew\\u00f3dztwa w pi\\u0142ce no\\u017cnej!\",\"previousItem\":{\"@type\":\"ListItem\",\"@id\":\"https:\\\/\\\/sp6kwidzyn.pl\\\/?cat=1#listItem\",\"name\":\"Bez kategorii\"}}]},{\"@type\":\"Organization\",\"@id\":\"https:\\\/\\\/sp6kwidzyn.pl\\\/#organization\",\"name\":\"Szko\\u0142a Podstawowa nr 6 w Kwidzynie im. dra W\\u0142adys\\u0142awa G\\u0119bika z Oddzia\\u0142ami Integracyjnymi\",\"description\":\"Wtryna SP6 w Kwidzynie\",\"url\":\"https:\\\/\\\/sp6kwidzyn.pl\\\/\",\"telephone\":\"+48552793444\"},{\"@type\":\"Person\",\"@id\":\"https:\\\/\\\/sp6kwidzyn.pl\\\/?author=1#author\",\"url\":\"https:\\\/\\\/sp6kwidzyn.pl\\\/?author=1\",\"name\":\"admin\"},{\"@type\":\"WebPage\",\"@id\":\"https:\\\/\\\/sp6kwidzyn.pl\\\/?p=9685#webpage\",\"url\":\"https:\\\/\\\/sp6kwidzyn.pl\\\/?p=9685\",\"name\":\"Szymon z powo\\u0142aniem do kadry wojew\\u00f3dztwa w pi\\u0142ce no\\u017cnej! | Szko\\u0142a Podstawowa nr 6 im. W\\u0142adys\\u0142awa G\\u0119bika w Kwidzynie\",\"inLanguage\":\"pl-PL\",\"isPartOf\":{\"@id\":\"https:\\\/\\\/sp6kwidzyn.pl\\\/#website\"},\"breadcrumb\":{\"@id\":\"https:\\\/\\\/sp6kwidzyn.pl\\\/?p=9685#breadcrumblist\"},\"author\":{\"@id\":\"https:\\\/\\\/sp6kwidzyn.pl\\\/?author=1#author\"},\"creator\":{\"@id\":\"https:\\\/\\\/sp6kwidzyn.pl\\\/?author=1#author\"},\"datePublished\":\"2023-03-17T21:25:53+01:00\",\"dateModified\":\"2023-03-17T21:26:41+01:00\"},{\"@type\":\"WebSite\",\"@id\":\"https:\\\/\\\/sp6kwidzyn.pl\\\/#website\",\"url\":\"https:\\\/\\\/sp6kwidzyn.pl\\\/\",\"name\":\"Szko\\u0142a Podstawowa nr 6 im. W\\u0142adys\\u0142awa G\\u0119bika w Kwidzynie\",\"description\":\"Wtryna SP6 w Kwidzynie\",\"inLanguage\":\"pl-PL\",\"publisher\":{\"@id\":\"https:\\\/\\\/sp6kwidzyn.pl\\\/#organization\"}}]}\n\t\t<\/script>\n\t\t<!-- All in One SEO -->\n\n","aioseo_head_json":{"title":"Szymon z powo\u0142aniem do kadry wojew\u00f3dztwa w pi\u0142ce no\u017cnej! | Szko\u0142a Podstawowa nr 6 im. W\u0142adys\u0142awa G\u0119bika w Kwidzynie","description":"","canonical_url":"https:\/\/sp6kwidzyn.pl\/?p=9685","robots":"max-image-preview:large","keywords":"","webmasterTools":{"miscellaneous":""},"schema":{"@context":"https:\/\/schema.org","@graph":[{"@type":"Article","@id":"https:\/\/sp6kwidzyn.pl\/?p=9685#article","name":"Szymon z powo\u0142aniem do kadry wojew\u00f3dztwa w pi\u0142ce no\u017cnej! | Szko\u0142a Podstawowa nr 6 im. W\u0142adys\u0142awa G\u0119bika w Kwidzynie","headline":"Szymon z powo\u0142aniem do kadry wojew\u00f3dztwa w pi\u0142ce no\u017cnej!","author":{"@id":"https:\/\/sp6kwidzyn.pl\/?author=1#author"},"publisher":{"@id":"https:\/\/sp6kwidzyn.pl\/#organization"},"image":{"@type":"ImageObject","url":"https:\/\/sp6kwidzyn.pl\/wp-content\/uploads\/2023\/03\/C9FA9683-2F4E-4C2D-93B4-F57E98ACE8B7-min.jpeg","@id":"https:\/\/sp6kwidzyn.pl\/?p=9685\/#articleImage"},"datePublished":"2023-03-17T21:25:53+01:00","dateModified":"2023-03-17T21:26:41+01:00","inLanguage":"pl-PL","mainEntityOfPage":{"@id":"https:\/\/sp6kwidzyn.pl\/?p=9685#webpage"},"isPartOf":{"@id":"https:\/\/sp6kwidzyn.pl\/?p=9685#webpage"},"articleSection":"Bez kategorii"},{"@type":"BreadcrumbList","@id":"https:\/\/sp6kwidzyn.pl\/?p=9685#breadcrumblist","itemListElement":[{"@type":"ListItem","@id":"https:\/\/sp6kwidzyn.pl#listItem","position":1,"name":"Home","item":"https:\/\/sp6kwidzyn.pl","nextItem":{"@type":"ListItem","@id":"https:\/\/sp6kwidzyn.pl\/?cat=1#listItem","name":"Bez kategorii"}},{"@type":"ListItem","@id":"https:\/\/sp6kwidzyn.pl\/?cat=1#listItem","position":2,"name":"Bez kategorii","item":"https:\/\/sp6kwidzyn.pl\/?cat=1","nextItem":{"@type":"ListItem","@id":"https:\/\/sp6kwidzyn.pl\/?p=9685#listItem","name":"Szymon z powo\u0142aniem do kadry wojew\u00f3dztwa w pi\u0142ce no\u017cnej!"},"previousItem":{"@type":"ListItem","@id":"https:\/\/sp6kwidzyn.pl#listItem","name":"Home"}},{"@type":"ListItem","@id":"https:\/\/sp6kwidzyn.pl\/?p=9685#listItem","position":3,"name":"Szymon z powo\u0142aniem do kadry wojew\u00f3dztwa w pi\u0142ce no\u017cnej!","previousItem":{"@type":"ListItem","@id":"https:\/\/sp6kwidzyn.pl\/?cat=1#listItem","name":"Bez kategorii"}}]},{"@type":"Organization","@id":"https:\/\/sp6kwidzyn.pl\/#organization","name":"Szko\u0142a Podstawowa nr 6 w Kwidzynie im. dra W\u0142adys\u0142awa G\u0119bika z Oddzia\u0142ami Integracyjnymi","description":"Wtryna SP6 w Kwidzynie","url":"https:\/\/sp6kwidzyn.pl\/","telephone":"+48552793444"},{"@type":"Person","@id":"https:\/\/sp6kwidzyn.pl\/?author=1#author","url":"https:\/\/sp6kwidzyn.pl\/?author=1","name":"admin"},{"@type":"WebPage","@id":"https:\/\/sp6kwidzyn.pl\/?p=9685#webpage","url":"https:\/\/sp6kwidzyn.pl\/?p=9685","name":"Szymon z powo\u0142aniem do kadry wojew\u00f3dztwa w pi\u0142ce no\u017cnej! | Szko\u0142a Podstawowa nr 6 im. W\u0142adys\u0142awa G\u0119bika w Kwidzynie","inLanguage":"pl-PL","isPartOf":{"@id":"https:\/\/sp6kwidzyn.pl\/#website"},"breadcrumb":{"@id":"https:\/\/sp6kwidzyn.pl\/?p=9685#breadcrumblist"},"author":{"@id":"https:\/\/sp6kwidzyn.pl\/?author=1#author"},"creator":{"@id":"https:\/\/sp6kwidzyn.pl\/?author=1#author"},"datePublished":"2023-03-17T21:25:53+01:00","dateModified":"2023-03-17T21:26:41+01:00"},{"@type":"WebSite","@id":"https:\/\/sp6kwidzyn.pl\/#website","url":"https:\/\/sp6kwidzyn.pl\/","name":"Szko\u0142a Podstawowa nr 6 im. W\u0142adys\u0142awa G\u0119bika w Kwidzynie","description":"Wtryna SP6 w Kwidzynie","inLanguage":"pl-PL","publisher":{"@id":"https:\/\/sp6kwidzyn.pl\/#organization"}}]}},"aioseo_meta_data":{"post_id":"9685","title":null,"description":null,"keywords":[],"keyphrases":{"focus":{"keyphrase":"","score":0,"analysis":{"keyphraseInTitle":{"score":0,"maxScore":9,"error":1}}},"additional":[]},"primary_term":null,"canonical_url":null,"og_title":null,"og_description":null,"og_object_type":"default","og_image_type":"default","og_image_url":null,"og_image_width":null,"og_image_height":null,"og_image_custom_url":null,"og_image_custom_fields":null,"og_video":"","og_custom_url":null,"og_article_section":null,"og_article_tags":[],"twitter_use_og":false,"twitter_card":"default","twitter_image_type":"default","twitter_image_url":null,"twitter_image_custom_url":null,"twitter_image_custom_fields":null,"twitter_title":null,"twitter_description":null,"schema":{"blockGraphs":[],"customGraphs":[],"default":{"data":{"Article":[],"Course":[],"Dataset":[],"FAQPage":[],"Movie":[],"Person":[],"Product":[],"ProductReview":[],"Car":[],"Recipe":[],"Service":[],"SoftwareApplication":[],"WebPage":[]},"graphName":"Article","isEnabled":true},"graphs":[]},"schema_type":"default","schema_type_options":null,"pillar_content":false,"robots_default":true,"robots_noindex":false,"robots_noarchive":false,"robots_nosnippet":false,"robots_nofollow":false,"robots_noimageindex":false,"robots_noodp":false,"robots_notranslate":false,"robots_max_snippet":"-1","robots_max_videopreview":"-1","robots_max_imagepreview":"large","priority":null,"frequency":"default","local_seo":null,"breadcrumb_settings":null,"limit_modified_date":false,"ai":null,"created":"2023-03-17 20:19:57","updated":"2023-03-17 20:26:41","seo_analyzer_scan_date":null,"focus_keyword":null,"additional_keywords":null,"truseo_locale":null},"_links":{"self":[{"href":"https:\/\/sp6kwidzyn.pl\/index.php?rest_route=\/wp\/v2\/posts\/9685","targetHints":{"allow":["GET"]}}],"collection":[{"href":"https:\/\/sp6kwidzyn.pl\/index.php?rest_route=\/wp\/v2\/posts"}],"about":[{"href":"https:\/\/sp6kwidzyn.pl\/index.php?rest_route=\/wp\/v2\/types\/post"}],"author":[{"embeddable":true,"href":"https:\/\/sp6kwidzyn.pl\/index.php?rest_route=\/wp\/v2\/users\/1"}],"replies":[{"embeddable":true,"href":"https:\/\/sp6kwidzyn.pl\/index.php?rest_route=%2Fwp%2Fv2%2Fcomments&post=9685"}],"version-history":[{"count":2,"href":"https:\/\/sp6kwidzyn.pl\/index.php?rest_route=\/wp\/v2\/posts\/9685\/revisions"}],"predecessor-version":[{"id":9689,"href":"https:\/\/sp6kwidzyn.pl\/index.php?rest_route=\/wp\/v2\/posts\/9685\/revisions\/9689"}],"wp:attachment":[{"href":"https:\/\/sp6kwidzyn.pl\/index.php?rest_route=%2Fwp%2Fv2%2Fmedia&parent=9685"}],"wp:term":[{"taxonomy":"category","embeddable":true,"href":"https:\/\/sp6kwidzyn.pl\/index.php?rest_route=%2Fwp%2Fv2%2Fcategories&post=9685"},{"taxonomy":"post_tag","embeddable":true,"href":"https:\/\/sp6kwidzyn.pl\/index.php?rest_route=%2Fwp%2Fv2%2Ftags&post=9685"}],"curies":[{"name":"wp","href":"https:\/\/api.w.org\/{rel}","templated":true}]}}