{"id":9409,"date":"2022-12-08T11:15:22","date_gmt":"2022-12-08T10:15:22","guid":{"rendered":"https:\/\/sp6kwidzyn.pl\/?p=9409"},"modified":"2022-12-08T11:28:06","modified_gmt":"2022-12-08T10:28:06","slug":"tusz-do-paki-i-ciesza-sie-zwierzaki","status":"publish","type":"post","link":"https:\/\/sp6kwidzyn.pl\/?p=9409","title":{"rendered":"Tusz z SP6 do paki i&#8230; ciesz\u0105 si\u0119 zwierzaki"},"content":{"rendered":"<p>Nasza szko\u0142\u0105 zaanga<span class=\"wysiwyg-font-size-16\">\u017c<\/span>owa\u0142a si\u0119\u00a0 w akcj\u0119 &#8222;<em><strong>Pusty tusz wrzu\u0107 do paki i dokarmiaj zwierzaki<\/strong><\/em>&#8222;. To kampania edukacyjno-charytatywna, kt\u00f3rej celem jest edukacja ekologiczna dzieci, a dzi\u0119ki nim r\u00f3wnie\u017c doros\u0142ych, w zakresie segregacji <strong>tusz\u00f3w do drukarek<\/strong> \u2013 tzw. <strong>kartrid\u017cy<\/strong>. Zach\u0119camy uczni\u00f3w do przyniesienia z domu<strong> zu\u017cytych tusz\u00f3w<\/strong> z drukarek atramentowych i wrzucenia ich do przygotowanych karton\u00f3w. Zebrane w ten spos\u00f3b odpady przeka\u017cemy do recyklingu i zakupimy karm\u0119 dla zwierzak\u00f3w ze schronisk.\u00a0 Im wi\u0119cej tusz\u00f3w zbierzemy, tym wi\u0119cej karmy trafi do ich <strong>misek<\/strong>.<img loading=\"lazy\" decoding=\"async\" class=\"wp-image-9420 alignleft\" src=\"https:\/\/sp6kwidzyn.pl\/wp-content\/uploads\/2022\/12\/michapusta.png\" alt=\"\" width=\"104\" height=\"69\" srcset=\"https:\/\/sp6kwidzyn.pl\/wp-content\/uploads\/2022\/12\/michapusta.png 997w, https:\/\/sp6kwidzyn.pl\/wp-content\/uploads\/2022\/12\/michapusta-300x200.png 300w, https:\/\/sp6kwidzyn.pl\/wp-content\/uploads\/2022\/12\/michapusta-768x511.png 768w, https:\/\/sp6kwidzyn.pl\/wp-content\/uploads\/2022\/12\/michapusta-480x320.png 480w\" sizes=\"auto, (max-width: 104px) 100vw, 104px\" \/><\/p>\n<p>Z dum\u0105 przedstawiamy poni\u017cej <strong>dyplom<\/strong> jaki otrzymali\u015bmy za nasze zaanga\u017cowanie. <img loading=\"lazy\" decoding=\"async\" class=\"wp-image-9420 alignright\" src=\"https:\/\/sp6kwidzyn.pl\/wp-content\/uploads\/2022\/12\/michapusta.png\" alt=\"\" width=\"135\" height=\"90\" srcset=\"https:\/\/sp6kwidzyn.pl\/wp-content\/uploads\/2022\/12\/michapusta.png 997w, https:\/\/sp6kwidzyn.pl\/wp-content\/uploads\/2022\/12\/michapusta-300x200.png 300w, https:\/\/sp6kwidzyn.pl\/wp-content\/uploads\/2022\/12\/michapusta-768x511.png 768w, https:\/\/sp6kwidzyn.pl\/wp-content\/uploads\/2022\/12\/michapusta-480x320.png 480w\" sizes=\"auto, (max-width: 135px) 100vw, 135px\" \/><\/p>\n<p>&nbsp;<\/p>\n<p>Zobacz tak\u017ce plakat promuj\u0105cy kampani\u0119: <a href=\"https:\/\/drive.google.com\/file\/d\/1v8C83EEF5QzKLqRndAPFt32MtQqrwRPs\/view?usp=sharing\">https:\/\/drive.google.com\/file\/d\/1v8C83EEF5QzKLqRndAPFt32MtQqrwRPs\/view?usp=sharing<\/a><br \/>\ni przy\u0142\u0105cz si\u0119 do pomocy zwierz\u0119tom i \u015brodowisku \ud83d\ude42<\/p>\n<p>&nbsp;<\/p>\n<p><img loading=\"lazy\" decoding=\"async\" class=\"aligncenter size-full wp-image-9411\" src=\"https:\/\/sp6kwidzyn.pl\/wp-content\/uploads\/2022\/12\/Dypolom_podziekowanie-min.png\" alt=\"\" width=\"1168\" height=\"850\" srcset=\"https:\/\/sp6kwidzyn.pl\/wp-content\/uploads\/2022\/12\/Dypolom_podziekowanie-min.png 1168w, https:\/\/sp6kwidzyn.pl\/wp-content\/uploads\/2022\/12\/Dypolom_podziekowanie-min-300x218.png 300w, https:\/\/sp6kwidzyn.pl\/wp-content\/uploads\/2022\/12\/Dypolom_podziekowanie-min-1024x745.png 1024w, https:\/\/sp6kwidzyn.pl\/wp-content\/uploads\/2022\/12\/Dypolom_podziekowanie-min-768x559.png 768w\" sizes=\"auto, (max-width: 1168px) 100vw, 1168px\" \/><\/p>\n<p>&nbsp;<\/p>\n","protected":false},"excerpt":{"rendered":"<p>Nasza szko\u0142\u0105 zaanga\u017cowa\u0142a si\u0119\u00a0 w akcj\u0119 &#8222;Pusty tusz wrzu\u0107 do paki i dokarmiaj zwierzaki&#8222;. To kampania edukacyjno-charytatywna, kt\u00f3rej celem jest [&hellip;]<\/p>\n","protected":false},"author":1,"featured_media":9414,"comment_status":"closed","ping_status":"closed","sticky":false,"template":"","format":"standard","meta":{"footnotes":""},"categories":[1],"tags":[],"class_list":["post-9409","post","type-post","status-publish","format-standard","has-post-thumbnail","hentry","category-bez-kategorii","has_thumb"],"aioseo_notices":[],"aioseo_head":"\n\t\t<!-- All in One SEO 5.0.1.1 - aioseo.com -->\n\t<meta name=\"robots\" content=\"max-image-preview:large\" \/>\n\t<meta name=\"author\" content=\"admin\"\/>\n\t<link rel=\"canonical\" href=\"https:\/\/sp6kwidzyn.pl\/?p=9409\" \/>\n\t<meta name=\"generator\" content=\"All in One SEO (AIOSEO) 5.0.1.1\" \/>\n\t\t<script type=\"application\/ld+json\" class=\"aioseo-schema\">\n\t\t\t{\"@context\":\"https:\\\/\\\/schema.org\",\"@graph\":[{\"@type\":\"Article\",\"@id\":\"https:\\\/\\\/sp6kwidzyn.pl\\\/?p=9409#article\",\"name\":\"Tusz z SP6 do paki i\\u2026 ciesz\\u0105 si\\u0119 zwierzaki | Szko\\u0142a Podstawowa nr 6 im. W\\u0142adys\\u0142awa G\\u0119bika w Kwidzynie\",\"headline\":\"Tusz z SP6 do paki i&#8230; ciesz\\u0105 si\\u0119 zwierzaki\",\"author\":{\"@id\":\"https:\\\/\\\/sp6kwidzyn.pl\\\/?author=1#author\"},\"publisher\":{\"@id\":\"https:\\\/\\\/sp6kwidzyn.pl\\\/#organization\"},\"image\":{\"@type\":\"ImageObject\",\"url\":\"https:\\\/\\\/sp6kwidzyn.pl\\\/wp-content\\\/uploads\\\/2022\\\/12\\\/plakaciktuszdopaki.jpg\",\"width\":2337,\"height\":1751},\"datePublished\":\"2022-12-08T11:15:22+01:00\",\"dateModified\":\"2022-12-08T11:28:06+01:00\",\"inLanguage\":\"pl-PL\",\"mainEntityOfPage\":{\"@id\":\"https:\\\/\\\/sp6kwidzyn.pl\\\/?p=9409#webpage\"},\"isPartOf\":{\"@id\":\"https:\\\/\\\/sp6kwidzyn.pl\\\/?p=9409#webpage\"},\"articleSection\":\"Bez kategorii\"},{\"@type\":\"BreadcrumbList\",\"@id\":\"https:\\\/\\\/sp6kwidzyn.pl\\\/?p=9409#breadcrumblist\",\"itemListElement\":[{\"@type\":\"ListItem\",\"@id\":\"https:\\\/\\\/sp6kwidzyn.pl#listItem\",\"position\":1,\"name\":\"Home\",\"item\":\"https:\\\/\\\/sp6kwidzyn.pl\",\"nextItem\":{\"@type\":\"ListItem\",\"@id\":\"https:\\\/\\\/sp6kwidzyn.pl\\\/?cat=1#listItem\",\"name\":\"Bez kategorii\"}},{\"@type\":\"ListItem\",\"@id\":\"https:\\\/\\\/sp6kwidzyn.pl\\\/?cat=1#listItem\",\"position\":2,\"name\":\"Bez kategorii\",\"item\":\"https:\\\/\\\/sp6kwidzyn.pl\\\/?cat=1\",\"nextItem\":{\"@type\":\"ListItem\",\"@id\":\"https:\\\/\\\/sp6kwidzyn.pl\\\/?p=9409#listItem\",\"name\":\"Tusz z SP6 do paki i&#8230; ciesz\\u0105 si\\u0119 zwierzaki\"},\"previousItem\":{\"@type\":\"ListItem\",\"@id\":\"https:\\\/\\\/sp6kwidzyn.pl#listItem\",\"name\":\"Home\"}},{\"@type\":\"ListItem\",\"@id\":\"https:\\\/\\\/sp6kwidzyn.pl\\\/?p=9409#listItem\",\"position\":3,\"name\":\"Tusz z SP6 do paki i&#8230; ciesz\\u0105 si\\u0119 zwierzaki\",\"previousItem\":{\"@type\":\"ListItem\",\"@id\":\"https:\\\/\\\/sp6kwidzyn.pl\\\/?cat=1#listItem\",\"name\":\"Bez kategorii\"}}]},{\"@type\":\"Organization\",\"@id\":\"https:\\\/\\\/sp6kwidzyn.pl\\\/#organization\",\"name\":\"Szko\\u0142a Podstawowa nr 6 w Kwidzynie im. dra W\\u0142adys\\u0142awa G\\u0119bika z Oddzia\\u0142ami Integracyjnymi\",\"description\":\"Wtryna SP6 w Kwidzynie\",\"url\":\"https:\\\/\\\/sp6kwidzyn.pl\\\/\",\"telephone\":\"+48552793444\"},{\"@type\":\"Person\",\"@id\":\"https:\\\/\\\/sp6kwidzyn.pl\\\/?author=1#author\",\"url\":\"https:\\\/\\\/sp6kwidzyn.pl\\\/?author=1\",\"name\":\"admin\"},{\"@type\":\"WebPage\",\"@id\":\"https:\\\/\\\/sp6kwidzyn.pl\\\/?p=9409#webpage\",\"url\":\"https:\\\/\\\/sp6kwidzyn.pl\\\/?p=9409\",\"name\":\"Tusz z SP6 do paki i\\u2026 ciesz\\u0105 si\\u0119 zwierzaki | Szko\\u0142a Podstawowa nr 6 im. W\\u0142adys\\u0142awa G\\u0119bika w Kwidzynie\",\"inLanguage\":\"pl-PL\",\"isPartOf\":{\"@id\":\"https:\\\/\\\/sp6kwidzyn.pl\\\/#website\"},\"breadcrumb\":{\"@id\":\"https:\\\/\\\/sp6kwidzyn.pl\\\/?p=9409#breadcrumblist\"},\"author\":{\"@id\":\"https:\\\/\\\/sp6kwidzyn.pl\\\/?author=1#author\"},\"creator\":{\"@id\":\"https:\\\/\\\/sp6kwidzyn.pl\\\/?author=1#author\"},\"image\":{\"@type\":\"ImageObject\",\"url\":\"https:\\\/\\\/sp6kwidzyn.pl\\\/wp-content\\\/uploads\\\/2022\\\/12\\\/plakaciktuszdopaki.jpg\",\"@id\":\"https:\\\/\\\/sp6kwidzyn.pl\\\/?p=9409\\\/#mainImage\",\"width\":2337,\"height\":1751},\"primaryImageOfPage\":{\"@id\":\"https:\\\/\\\/sp6kwidzyn.pl\\\/?p=9409#mainImage\"},\"datePublished\":\"2022-12-08T11:15:22+01:00\",\"dateModified\":\"2022-12-08T11:28:06+01:00\"},{\"@type\":\"WebSite\",\"@id\":\"https:\\\/\\\/sp6kwidzyn.pl\\\/#website\",\"url\":\"https:\\\/\\\/sp6kwidzyn.pl\\\/\",\"name\":\"Szko\\u0142a Podstawowa nr 6 im. W\\u0142adys\\u0142awa G\\u0119bika w Kwidzynie\",\"description\":\"Wtryna SP6 w Kwidzynie\",\"inLanguage\":\"pl-PL\",\"publisher\":{\"@id\":\"https:\\\/\\\/sp6kwidzyn.pl\\\/#organization\"}}]}\n\t\t<\/script>\n\t\t<!-- All in One SEO -->\n\n","aioseo_head_json":{"title":"Tusz z SP6 do paki i\u2026 ciesz\u0105 si\u0119 zwierzaki | Szko\u0142a Podstawowa nr 6 im. W\u0142adys\u0142awa G\u0119bika w Kwidzynie","description":"","canonical_url":"https:\/\/sp6kwidzyn.pl\/?p=9409","robots":"max-image-preview:large","keywords":"","webmasterTools":{"miscellaneous":""},"schema":{"@context":"https:\/\/schema.org","@graph":[{"@type":"Article","@id":"https:\/\/sp6kwidzyn.pl\/?p=9409#article","name":"Tusz z SP6 do paki i\u2026 ciesz\u0105 si\u0119 zwierzaki | Szko\u0142a Podstawowa nr 6 im. W\u0142adys\u0142awa G\u0119bika w Kwidzynie","headline":"Tusz z SP6 do paki i&#8230; ciesz\u0105 si\u0119 zwierzaki","author":{"@id":"https:\/\/sp6kwidzyn.pl\/?author=1#author"},"publisher":{"@id":"https:\/\/sp6kwidzyn.pl\/#organization"},"image":{"@type":"ImageObject","url":"https:\/\/sp6kwidzyn.pl\/wp-content\/uploads\/2022\/12\/plakaciktuszdopaki.jpg","width":2337,"height":1751},"datePublished":"2022-12-08T11:15:22+01:00","dateModified":"2022-12-08T11:28:06+01:00","inLanguage":"pl-PL","mainEntityOfPage":{"@id":"https:\/\/sp6kwidzyn.pl\/?p=9409#webpage"},"isPartOf":{"@id":"https:\/\/sp6kwidzyn.pl\/?p=9409#webpage"},"articleSection":"Bez kategorii"},{"@type":"BreadcrumbList","@id":"https:\/\/sp6kwidzyn.pl\/?p=9409#breadcrumblist","itemListElement":[{"@type":"ListItem","@id":"https:\/\/sp6kwidzyn.pl#listItem","position":1,"name":"Home","item":"https:\/\/sp6kwidzyn.pl","nextItem":{"@type":"ListItem","@id":"https:\/\/sp6kwidzyn.pl\/?cat=1#listItem","name":"Bez kategorii"}},{"@type":"ListItem","@id":"https:\/\/sp6kwidzyn.pl\/?cat=1#listItem","position":2,"name":"Bez kategorii","item":"https:\/\/sp6kwidzyn.pl\/?cat=1","nextItem":{"@type":"ListItem","@id":"https:\/\/sp6kwidzyn.pl\/?p=9409#listItem","name":"Tusz z SP6 do paki i&#8230; ciesz\u0105 si\u0119 zwierzaki"},"previousItem":{"@type":"ListItem","@id":"https:\/\/sp6kwidzyn.pl#listItem","name":"Home"}},{"@type":"ListItem","@id":"https:\/\/sp6kwidzyn.pl\/?p=9409#listItem","position":3,"name":"Tusz z SP6 do paki i&#8230; ciesz\u0105 si\u0119 zwierzaki","previousItem":{"@type":"ListItem","@id":"https:\/\/sp6kwidzyn.pl\/?cat=1#listItem","name":"Bez kategorii"}}]},{"@type":"Organization","@id":"https:\/\/sp6kwidzyn.pl\/#organization","name":"Szko\u0142a Podstawowa nr 6 w Kwidzynie im. dra W\u0142adys\u0142awa G\u0119bika z Oddzia\u0142ami Integracyjnymi","description":"Wtryna SP6 w Kwidzynie","url":"https:\/\/sp6kwidzyn.pl\/","telephone":"+48552793444"},{"@type":"Person","@id":"https:\/\/sp6kwidzyn.pl\/?author=1#author","url":"https:\/\/sp6kwidzyn.pl\/?author=1","name":"admin"},{"@type":"WebPage","@id":"https:\/\/sp6kwidzyn.pl\/?p=9409#webpage","url":"https:\/\/sp6kwidzyn.pl\/?p=9409","name":"Tusz z SP6 do paki i\u2026 ciesz\u0105 si\u0119 zwierzaki | Szko\u0142a Podstawowa nr 6 im. W\u0142adys\u0142awa G\u0119bika w Kwidzynie","inLanguage":"pl-PL","isPartOf":{"@id":"https:\/\/sp6kwidzyn.pl\/#website"},"breadcrumb":{"@id":"https:\/\/sp6kwidzyn.pl\/?p=9409#breadcrumblist"},"author":{"@id":"https:\/\/sp6kwidzyn.pl\/?author=1#author"},"creator":{"@id":"https:\/\/sp6kwidzyn.pl\/?author=1#author"},"image":{"@type":"ImageObject","url":"https:\/\/sp6kwidzyn.pl\/wp-content\/uploads\/2022\/12\/plakaciktuszdopaki.jpg","@id":"https:\/\/sp6kwidzyn.pl\/?p=9409\/#mainImage","width":2337,"height":1751},"primaryImageOfPage":{"@id":"https:\/\/sp6kwidzyn.pl\/?p=9409#mainImage"},"datePublished":"2022-12-08T11:15:22+01:00","dateModified":"2022-12-08T11:28:06+01:00"},{"@type":"WebSite","@id":"https:\/\/sp6kwidzyn.pl\/#website","url":"https:\/\/sp6kwidzyn.pl\/","name":"Szko\u0142a Podstawowa nr 6 im. W\u0142adys\u0142awa G\u0119bika w Kwidzynie","description":"Wtryna SP6 w Kwidzynie","inLanguage":"pl-PL","publisher":{"@id":"https:\/\/sp6kwidzyn.pl\/#organization"}}]}},"aioseo_meta_data":{"post_id":"9409","title":null,"description":null,"keywords":[],"keyphrases":{"focus":{"keyphrase":"","score":0,"analysis":{"keyphraseInTitle":{"score":0,"maxScore":9,"error":1}}},"additional":[]},"primary_term":null,"canonical_url":null,"og_title":null,"og_description":null,"og_object_type":"default","og_image_type":"default","og_image_url":null,"og_image_width":null,"og_image_height":null,"og_image_custom_url":null,"og_image_custom_fields":null,"og_video":"","og_custom_url":null,"og_article_section":null,"og_article_tags":[],"twitter_use_og":false,"twitter_card":"default","twitter_image_type":"default","twitter_image_url":null,"twitter_image_custom_url":null,"twitter_image_custom_fields":null,"twitter_title":null,"twitter_description":null,"schema":{"blockGraphs":[],"customGraphs":[],"default":{"data":{"Article":[],"Course":[],"Dataset":[],"FAQPage":[],"Movie":[],"Person":[],"Product":[],"ProductReview":[],"Car":[],"Recipe":[],"Service":[],"SoftwareApplication":[],"WebPage":[]},"graphName":"Article","isEnabled":true},"graphs":[]},"schema_type":"default","schema_type_options":null,"pillar_content":false,"robots_default":true,"robots_noindex":false,"robots_noarchive":false,"robots_nosnippet":false,"robots_nofollow":false,"robots_noimageindex":false,"robots_noodp":false,"robots_notranslate":false,"robots_max_snippet":"-1","robots_max_videopreview":"-1","robots_max_imagepreview":"large","priority":null,"frequency":"default","local_seo":null,"breadcrumb_settings":null,"limit_modified_date":false,"ai":null,"created":"2022-12-08 10:01:55","updated":"2022-12-08 10:28:07","seo_analyzer_scan_date":null,"focus_keyword":null,"additional_keywords":null,"truseo_locale":null},"_links":{"self":[{"href":"https:\/\/sp6kwidzyn.pl\/index.php?rest_route=\/wp\/v2\/posts\/9409","targetHints":{"allow":["GET"]}}],"collection":[{"href":"https:\/\/sp6kwidzyn.pl\/index.php?rest_route=\/wp\/v2\/posts"}],"about":[{"href":"https:\/\/sp6kwidzyn.pl\/index.php?rest_route=\/wp\/v2\/types\/post"}],"author":[{"embeddable":true,"href":"https:\/\/sp6kwidzyn.pl\/index.php?rest_route=\/wp\/v2\/users\/1"}],"replies":[{"embeddable":true,"href":"https:\/\/sp6kwidzyn.pl\/index.php?rest_route=%2Fwp%2Fv2%2Fcomments&post=9409"}],"version-history":[{"count":6,"href":"https:\/\/sp6kwidzyn.pl\/index.php?rest_route=\/wp\/v2\/posts\/9409\/revisions"}],"predecessor-version":[{"id":9423,"href":"https:\/\/sp6kwidzyn.pl\/index.php?rest_route=\/wp\/v2\/posts\/9409\/revisions\/9423"}],"wp:featuredmedia":[{"embeddable":true,"href":"https:\/\/sp6kwidzyn.pl\/index.php?rest_route=\/wp\/v2\/media\/9414"}],"wp:attachment":[{"href":"https:\/\/sp6kwidzyn.pl\/index.php?rest_route=%2Fwp%2Fv2%2Fmedia&parent=9409"}],"wp:term":[{"taxonomy":"category","embeddable":true,"href":"https:\/\/sp6kwidzyn.pl\/index.php?rest_route=%2Fwp%2Fv2%2Fcategories&post=9409"},{"taxonomy":"post_tag","embeddable":true,"href":"https:\/\/sp6kwidzyn.pl\/index.php?rest_route=%2Fwp%2Fv2%2Ftags&post=9409"}],"curies":[{"name":"wp","href":"https:\/\/api.w.org\/{rel}","templated":true}]}}