{"id":9339,"date":"2022-11-08T07:41:25","date_gmt":"2022-11-08T06:41:25","guid":{"rendered":"https:\/\/sp6kwidzyn.pl\/?p=9339"},"modified":"2022-11-08T07:56:46","modified_gmt":"2022-11-08T06:56:46","slug":"9339","status":"publish","type":"post","link":"https:\/\/sp6kwidzyn.pl\/?p=9339","title":{"rendered":"Lista uczni\u00f3w zakwalifikowanych do stopnia II &#8211; rejonowego\u00a0Wojew\u00f3dzkiego Konkursu z\u00a0 FIZYKI dla uczni\u00f3w klas IV-VIII szk\u00f3\u0142 podstawowych wojew\u00f3dztwa pomorskiego w roku szkolnym 2022\/2023"},"content":{"rendered":"<div>W dniu 8.11.2022 &#8211; odby\u0142 si\u0119 Wojew\u00f3dzki Konkurs z\u00a0 FIZYKI dla uczni\u00f3w klas IV-VIII\u00a0szk\u00f3\u0142 podstawowych wojew\u00f3dztwa pomorskiego<\/div>\n<div><\/div>\n<div>Poni\u017cej zamieszczamy list\u0119 uczni\u00f3w zakwalifikowanych do stopnia II &#8211; rejonowego Wojew\u00f3dzkiego Konkursu z\u00a0 FIZYKI dla uczni\u00f3w klas IV-VIII szk\u00f3\u0142\u00a0podstawowych wojew\u00f3dztwa pomorskiego w roku szkolnym 2022\/2023, kt\u00f3ry\u00a0odb\u0119dzie si\u0119 w dniu <strong>9.01.2023 r<\/strong>. w <strong>Szkole Podstawowej nr 6 z <\/strong><strong>Oddzia\u0142ami Integracyjnymi im. W\u0142adys\u0142awa G\u0119bika w Kwidzynie, 82-500\u00a0Kwidzyn, ul. Grunwaldzka 54<\/strong>.<\/div>\n<div><\/div>\n<div style=\"text-align: center;\"><a href=\"https:\/\/sp6kwidzyn.pl\/wp-content\/uploads\/2022\/11\/rejon_6_zalacznik-nr-7.pdf\"><img loading=\"lazy\" decoding=\"async\" class=\"aligncenter size-full wp-image-9340\" src=\"https:\/\/sp6kwidzyn.pl\/wp-content\/uploads\/2022\/11\/Lista-zakwalifikowanych-do-etapu-rejonowego.png\" alt=\"\" width=\"808\" height=\"1221\" srcset=\"https:\/\/sp6kwidzyn.pl\/wp-content\/uploads\/2022\/11\/Lista-zakwalifikowanych-do-etapu-rejonowego.png 808w, https:\/\/sp6kwidzyn.pl\/wp-content\/uploads\/2022\/11\/Lista-zakwalifikowanych-do-etapu-rejonowego-199x300.png 199w, https:\/\/sp6kwidzyn.pl\/wp-content\/uploads\/2022\/11\/Lista-zakwalifikowanych-do-etapu-rejonowego-678x1024.png 678w, https:\/\/sp6kwidzyn.pl\/wp-content\/uploads\/2022\/11\/Lista-zakwalifikowanych-do-etapu-rejonowego-768x1161.png 768w\" sizes=\"auto, (max-width: 808px) 100vw, 808px\" \/><\/a><\/div>\n<div><\/div>\n","protected":false},"excerpt":{"rendered":"<p>W dniu 8.11.2022 &#8211; odby\u0142 si\u0119 Wojew\u00f3dzki Konkurs z\u00a0 FIZYKI dla uczni\u00f3w klas IV-VIII\u00a0szk\u00f3\u0142 podstawowych wojew\u00f3dztwa pomorskiego Poni\u017cej zamieszczamy list\u0119 [&hellip;]<\/p>\n","protected":false},"author":1,"featured_media":1816,"comment_status":"closed","ping_status":"closed","sticky":false,"template":"","format":"standard","meta":{"footnotes":""},"categories":[1],"tags":[],"class_list":["post-9339","post","type-post","status-publish","format-standard","has-post-thumbnail","hentry","category-bez-kategorii","has_thumb"],"aioseo_notices":[],"aioseo_head":"\n\t\t<!-- All in One SEO 5.0.1.1 - aioseo.com -->\n\t<meta name=\"robots\" content=\"max-image-preview:large\" \/>\n\t<meta name=\"author\" content=\"admin\"\/>\n\t<link rel=\"canonical\" href=\"https:\/\/sp6kwidzyn.pl\/?p=9339\" \/>\n\t<meta name=\"generator\" content=\"All in One SEO (AIOSEO) 5.0.1.1\" \/>\n\t\t<script type=\"application\/ld+json\" class=\"aioseo-schema\">\n\t\t\t{\"@context\":\"https:\\\/\\\/schema.org\",\"@graph\":[{\"@type\":\"Article\",\"@id\":\"https:\\\/\\\/sp6kwidzyn.pl\\\/?p=9339#article\",\"name\":\"Lista uczni\\u00f3w zakwalifikowanych do stopnia II \\u2013 rejonowego Wojew\\u00f3dzkiego Konkursu z FIZYKI dla uczni\\u00f3w klas IV-VIII szk\\u00f3\\u0142 podstawowych wojew\\u00f3dztwa pomorskiego w roku szkolnym 2022\\\/2023 | Szko\\u0142a Podstawowa nr 6 im. W\\u0142adys\\u0142awa G\\u0119bika w Kwidzynie\",\"headline\":\"Lista uczni\\u00f3w zakwalifikowanych do stopnia II &#8211; rejonowego\\u00a0Wojew\\u00f3dzkiego Konkursu z\\u00a0 FIZYKI dla uczni\\u00f3w klas IV-VIII szk\\u00f3\\u0142 podstawowych wojew\\u00f3dztwa pomorskiego w roku szkolnym 2022\\\/2023\",\"author\":{\"@id\":\"https:\\\/\\\/sp6kwidzyn.pl\\\/?author=1#author\"},\"publisher\":{\"@id\":\"https:\\\/\\\/sp6kwidzyn.pl\\\/#organization\"},\"image\":{\"@type\":\"ImageObject\",\"url\":\"https:\\\/\\\/sp6kwidzyn.pl\\\/wp-content\\\/uploads\\\/2019\\\/10\\\/fizyka.png\",\"width\":550,\"height\":281},\"datePublished\":\"2022-11-08T07:41:25+01:00\",\"dateModified\":\"2022-11-08T07:56:46+01:00\",\"inLanguage\":\"pl-PL\",\"mainEntityOfPage\":{\"@id\":\"https:\\\/\\\/sp6kwidzyn.pl\\\/?p=9339#webpage\"},\"isPartOf\":{\"@id\":\"https:\\\/\\\/sp6kwidzyn.pl\\\/?p=9339#webpage\"},\"articleSection\":\"Bez kategorii\"},{\"@type\":\"BreadcrumbList\",\"@id\":\"https:\\\/\\\/sp6kwidzyn.pl\\\/?p=9339#breadcrumblist\",\"itemListElement\":[{\"@type\":\"ListItem\",\"@id\":\"https:\\\/\\\/sp6kwidzyn.pl#listItem\",\"position\":1,\"name\":\"Home\",\"item\":\"https:\\\/\\\/sp6kwidzyn.pl\",\"nextItem\":{\"@type\":\"ListItem\",\"@id\":\"https:\\\/\\\/sp6kwidzyn.pl\\\/?cat=1#listItem\",\"name\":\"Bez kategorii\"}},{\"@type\":\"ListItem\",\"@id\":\"https:\\\/\\\/sp6kwidzyn.pl\\\/?cat=1#listItem\",\"position\":2,\"name\":\"Bez kategorii\",\"item\":\"https:\\\/\\\/sp6kwidzyn.pl\\\/?cat=1\",\"nextItem\":{\"@type\":\"ListItem\",\"@id\":\"https:\\\/\\\/sp6kwidzyn.pl\\\/?p=9339#listItem\",\"name\":\"Lista uczni\\u00f3w zakwalifikowanych do stopnia II &#8211; rejonowego\\u00a0Wojew\\u00f3dzkiego Konkursu z\\u00a0 FIZYKI dla uczni\\u00f3w klas IV-VIII szk\\u00f3\\u0142 podstawowych wojew\\u00f3dztwa pomorskiego w roku szkolnym 2022\\\/2023\"},\"previousItem\":{\"@type\":\"ListItem\",\"@id\":\"https:\\\/\\\/sp6kwidzyn.pl#listItem\",\"name\":\"Home\"}},{\"@type\":\"ListItem\",\"@id\":\"https:\\\/\\\/sp6kwidzyn.pl\\\/?p=9339#listItem\",\"position\":3,\"name\":\"Lista uczni\\u00f3w zakwalifikowanych do stopnia II &#8211; rejonowego\\u00a0Wojew\\u00f3dzkiego Konkursu z\\u00a0 FIZYKI dla uczni\\u00f3w klas IV-VIII szk\\u00f3\\u0142 podstawowych wojew\\u00f3dztwa pomorskiego w roku szkolnym 2022\\\/2023\",\"previousItem\":{\"@type\":\"ListItem\",\"@id\":\"https:\\\/\\\/sp6kwidzyn.pl\\\/?cat=1#listItem\",\"name\":\"Bez kategorii\"}}]},{\"@type\":\"Organization\",\"@id\":\"https:\\\/\\\/sp6kwidzyn.pl\\\/#organization\",\"name\":\"Szko\\u0142a Podstawowa nr 6 w Kwidzynie im. dra W\\u0142adys\\u0142awa G\\u0119bika z Oddzia\\u0142ami Integracyjnymi\",\"description\":\"Wtryna SP6 w Kwidzynie\",\"url\":\"https:\\\/\\\/sp6kwidzyn.pl\\\/\",\"telephone\":\"+48552793444\"},{\"@type\":\"Person\",\"@id\":\"https:\\\/\\\/sp6kwidzyn.pl\\\/?author=1#author\",\"url\":\"https:\\\/\\\/sp6kwidzyn.pl\\\/?author=1\",\"name\":\"admin\"},{\"@type\":\"WebPage\",\"@id\":\"https:\\\/\\\/sp6kwidzyn.pl\\\/?p=9339#webpage\",\"url\":\"https:\\\/\\\/sp6kwidzyn.pl\\\/?p=9339\",\"name\":\"Lista uczni\\u00f3w zakwalifikowanych do stopnia II \\u2013 rejonowego Wojew\\u00f3dzkiego Konkursu z FIZYKI dla uczni\\u00f3w klas IV-VIII szk\\u00f3\\u0142 podstawowych wojew\\u00f3dztwa pomorskiego w roku szkolnym 2022\\\/2023 | Szko\\u0142a Podstawowa nr 6 im. W\\u0142adys\\u0142awa G\\u0119bika w Kwidzynie\",\"inLanguage\":\"pl-PL\",\"isPartOf\":{\"@id\":\"https:\\\/\\\/sp6kwidzyn.pl\\\/#website\"},\"breadcrumb\":{\"@id\":\"https:\\\/\\\/sp6kwidzyn.pl\\\/?p=9339#breadcrumblist\"},\"author\":{\"@id\":\"https:\\\/\\\/sp6kwidzyn.pl\\\/?author=1#author\"},\"creator\":{\"@id\":\"https:\\\/\\\/sp6kwidzyn.pl\\\/?author=1#author\"},\"image\":{\"@type\":\"ImageObject\",\"url\":\"https:\\\/\\\/sp6kwidzyn.pl\\\/wp-content\\\/uploads\\\/2019\\\/10\\\/fizyka.png\",\"@id\":\"https:\\\/\\\/sp6kwidzyn.pl\\\/?p=9339\\\/#mainImage\",\"width\":550,\"height\":281},\"primaryImageOfPage\":{\"@id\":\"https:\\\/\\\/sp6kwidzyn.pl\\\/?p=9339#mainImage\"},\"datePublished\":\"2022-11-08T07:41:25+01:00\",\"dateModified\":\"2022-11-08T07:56:46+01:00\"},{\"@type\":\"WebSite\",\"@id\":\"https:\\\/\\\/sp6kwidzyn.pl\\\/#website\",\"url\":\"https:\\\/\\\/sp6kwidzyn.pl\\\/\",\"name\":\"Szko\\u0142a Podstawowa nr 6 im. W\\u0142adys\\u0142awa G\\u0119bika w Kwidzynie\",\"description\":\"Wtryna SP6 w Kwidzynie\",\"inLanguage\":\"pl-PL\",\"publisher\":{\"@id\":\"https:\\\/\\\/sp6kwidzyn.pl\\\/#organization\"}}]}\n\t\t<\/script>\n\t\t<!-- All in One SEO -->\n\n","aioseo_head_json":{"title":"Lista uczni\u00f3w zakwalifikowanych do stopnia II \u2013 rejonowego Wojew\u00f3dzkiego Konkursu z FIZYKI dla uczni\u00f3w klas IV-VIII szk\u00f3\u0142 podstawowych wojew\u00f3dztwa pomorskiego w roku szkolnym 2022\/2023 | Szko\u0142a Podstawowa nr 6 im. W\u0142adys\u0142awa G\u0119bika w Kwidzynie","description":"","canonical_url":"https:\/\/sp6kwidzyn.pl\/?p=9339","robots":"max-image-preview:large","keywords":"","webmasterTools":{"miscellaneous":""},"schema":{"@context":"https:\/\/schema.org","@graph":[{"@type":"Article","@id":"https:\/\/sp6kwidzyn.pl\/?p=9339#article","name":"Lista uczni\u00f3w zakwalifikowanych do stopnia II \u2013 rejonowego Wojew\u00f3dzkiego Konkursu z FIZYKI dla uczni\u00f3w klas IV-VIII szk\u00f3\u0142 podstawowych wojew\u00f3dztwa pomorskiego w roku szkolnym 2022\/2023 | Szko\u0142a Podstawowa nr 6 im. W\u0142adys\u0142awa G\u0119bika w Kwidzynie","headline":"Lista uczni\u00f3w zakwalifikowanych do stopnia II &#8211; rejonowego\u00a0Wojew\u00f3dzkiego Konkursu z\u00a0 FIZYKI dla uczni\u00f3w klas IV-VIII szk\u00f3\u0142 podstawowych wojew\u00f3dztwa pomorskiego w roku szkolnym 2022\/2023","author":{"@id":"https:\/\/sp6kwidzyn.pl\/?author=1#author"},"publisher":{"@id":"https:\/\/sp6kwidzyn.pl\/#organization"},"image":{"@type":"ImageObject","url":"https:\/\/sp6kwidzyn.pl\/wp-content\/uploads\/2019\/10\/fizyka.png","width":550,"height":281},"datePublished":"2022-11-08T07:41:25+01:00","dateModified":"2022-11-08T07:56:46+01:00","inLanguage":"pl-PL","mainEntityOfPage":{"@id":"https:\/\/sp6kwidzyn.pl\/?p=9339#webpage"},"isPartOf":{"@id":"https:\/\/sp6kwidzyn.pl\/?p=9339#webpage"},"articleSection":"Bez kategorii"},{"@type":"BreadcrumbList","@id":"https:\/\/sp6kwidzyn.pl\/?p=9339#breadcrumblist","itemListElement":[{"@type":"ListItem","@id":"https:\/\/sp6kwidzyn.pl#listItem","position":1,"name":"Home","item":"https:\/\/sp6kwidzyn.pl","nextItem":{"@type":"ListItem","@id":"https:\/\/sp6kwidzyn.pl\/?cat=1#listItem","name":"Bez kategorii"}},{"@type":"ListItem","@id":"https:\/\/sp6kwidzyn.pl\/?cat=1#listItem","position":2,"name":"Bez kategorii","item":"https:\/\/sp6kwidzyn.pl\/?cat=1","nextItem":{"@type":"ListItem","@id":"https:\/\/sp6kwidzyn.pl\/?p=9339#listItem","name":"Lista uczni\u00f3w zakwalifikowanych do stopnia II &#8211; rejonowego\u00a0Wojew\u00f3dzkiego Konkursu z\u00a0 FIZYKI dla uczni\u00f3w klas IV-VIII szk\u00f3\u0142 podstawowych wojew\u00f3dztwa pomorskiego w roku szkolnym 2022\/2023"},"previousItem":{"@type":"ListItem","@id":"https:\/\/sp6kwidzyn.pl#listItem","name":"Home"}},{"@type":"ListItem","@id":"https:\/\/sp6kwidzyn.pl\/?p=9339#listItem","position":3,"name":"Lista uczni\u00f3w zakwalifikowanych do stopnia II &#8211; rejonowego\u00a0Wojew\u00f3dzkiego Konkursu z\u00a0 FIZYKI dla uczni\u00f3w klas IV-VIII szk\u00f3\u0142 podstawowych wojew\u00f3dztwa pomorskiego w roku szkolnym 2022\/2023","previousItem":{"@type":"ListItem","@id":"https:\/\/sp6kwidzyn.pl\/?cat=1#listItem","name":"Bez kategorii"}}]},{"@type":"Organization","@id":"https:\/\/sp6kwidzyn.pl\/#organization","name":"Szko\u0142a Podstawowa nr 6 w Kwidzynie im. dra W\u0142adys\u0142awa G\u0119bika z Oddzia\u0142ami Integracyjnymi","description":"Wtryna SP6 w Kwidzynie","url":"https:\/\/sp6kwidzyn.pl\/","telephone":"+48552793444"},{"@type":"Person","@id":"https:\/\/sp6kwidzyn.pl\/?author=1#author","url":"https:\/\/sp6kwidzyn.pl\/?author=1","name":"admin"},{"@type":"WebPage","@id":"https:\/\/sp6kwidzyn.pl\/?p=9339#webpage","url":"https:\/\/sp6kwidzyn.pl\/?p=9339","name":"Lista uczni\u00f3w zakwalifikowanych do stopnia II \u2013 rejonowego Wojew\u00f3dzkiego Konkursu z FIZYKI dla uczni\u00f3w klas IV-VIII szk\u00f3\u0142 podstawowych wojew\u00f3dztwa pomorskiego w roku szkolnym 2022\/2023 | Szko\u0142a Podstawowa nr 6 im. W\u0142adys\u0142awa G\u0119bika w Kwidzynie","inLanguage":"pl-PL","isPartOf":{"@id":"https:\/\/sp6kwidzyn.pl\/#website"},"breadcrumb":{"@id":"https:\/\/sp6kwidzyn.pl\/?p=9339#breadcrumblist"},"author":{"@id":"https:\/\/sp6kwidzyn.pl\/?author=1#author"},"creator":{"@id":"https:\/\/sp6kwidzyn.pl\/?author=1#author"},"image":{"@type":"ImageObject","url":"https:\/\/sp6kwidzyn.pl\/wp-content\/uploads\/2019\/10\/fizyka.png","@id":"https:\/\/sp6kwidzyn.pl\/?p=9339\/#mainImage","width":550,"height":281},"primaryImageOfPage":{"@id":"https:\/\/sp6kwidzyn.pl\/?p=9339#mainImage"},"datePublished":"2022-11-08T07:41:25+01:00","dateModified":"2022-11-08T07:56:46+01:00"},{"@type":"WebSite","@id":"https:\/\/sp6kwidzyn.pl\/#website","url":"https:\/\/sp6kwidzyn.pl\/","name":"Szko\u0142a Podstawowa nr 6 im. W\u0142adys\u0142awa G\u0119bika w Kwidzynie","description":"Wtryna SP6 w Kwidzynie","inLanguage":"pl-PL","publisher":{"@id":"https:\/\/sp6kwidzyn.pl\/#organization"}}]}},"aioseo_meta_data":{"post_id":"9339","title":null,"description":null,"keywords":[],"keyphrases":{"focus":{"keyphrase":"","score":0,"analysis":{"keyphraseInTitle":{"score":0,"maxScore":9,"error":1}}},"additional":[]},"primary_term":null,"canonical_url":null,"og_title":null,"og_description":null,"og_object_type":"default","og_image_type":"default","og_image_url":null,"og_image_width":null,"og_image_height":null,"og_image_custom_url":null,"og_image_custom_fields":null,"og_video":"","og_custom_url":null,"og_article_section":null,"og_article_tags":[],"twitter_use_og":false,"twitter_card":"default","twitter_image_type":"default","twitter_image_url":null,"twitter_image_custom_url":null,"twitter_image_custom_fields":null,"twitter_title":null,"twitter_description":null,"schema":{"blockGraphs":[],"customGraphs":[],"default":{"data":{"Article":[],"Course":[],"Dataset":[],"FAQPage":[],"Movie":[],"Person":[],"Product":[],"ProductReview":[],"Car":[],"Recipe":[],"Service":[],"SoftwareApplication":[],"WebPage":[]},"graphName":"Article","isEnabled":true},"graphs":[]},"schema_type":"default","schema_type_options":null,"pillar_content":false,"robots_default":true,"robots_noindex":false,"robots_noarchive":false,"robots_nosnippet":false,"robots_nofollow":false,"robots_noimageindex":false,"robots_noodp":false,"robots_notranslate":false,"robots_max_snippet":"-1","robots_max_videopreview":"-1","robots_max_imagepreview":"large","priority":null,"frequency":"default","local_seo":null,"breadcrumb_settings":null,"limit_modified_date":false,"ai":null,"created":"2022-11-08 06:33:55","updated":"2022-11-08 06:56:46","seo_analyzer_scan_date":null,"focus_keyword":null,"additional_keywords":null,"truseo_locale":null},"_links":{"self":[{"href":"https:\/\/sp6kwidzyn.pl\/index.php?rest_route=\/wp\/v2\/posts\/9339","targetHints":{"allow":["GET"]}}],"collection":[{"href":"https:\/\/sp6kwidzyn.pl\/index.php?rest_route=\/wp\/v2\/posts"}],"about":[{"href":"https:\/\/sp6kwidzyn.pl\/index.php?rest_route=\/wp\/v2\/types\/post"}],"author":[{"embeddable":true,"href":"https:\/\/sp6kwidzyn.pl\/index.php?rest_route=\/wp\/v2\/users\/1"}],"replies":[{"embeddable":true,"href":"https:\/\/sp6kwidzyn.pl\/index.php?rest_route=%2Fwp%2Fv2%2Fcomments&post=9339"}],"version-history":[{"count":5,"href":"https:\/\/sp6kwidzyn.pl\/index.php?rest_route=\/wp\/v2\/posts\/9339\/revisions"}],"predecessor-version":[{"id":9347,"href":"https:\/\/sp6kwidzyn.pl\/index.php?rest_route=\/wp\/v2\/posts\/9339\/revisions\/9347"}],"wp:featuredmedia":[{"embeddable":true,"href":"https:\/\/sp6kwidzyn.pl\/index.php?rest_route=\/wp\/v2\/media\/1816"}],"wp:attachment":[{"href":"https:\/\/sp6kwidzyn.pl\/index.php?rest_route=%2Fwp%2Fv2%2Fmedia&parent=9339"}],"wp:term":[{"taxonomy":"category","embeddable":true,"href":"https:\/\/sp6kwidzyn.pl\/index.php?rest_route=%2Fwp%2Fv2%2Fcategories&post=9339"},{"taxonomy":"post_tag","embeddable":true,"href":"https:\/\/sp6kwidzyn.pl\/index.php?rest_route=%2Fwp%2Fv2%2Ftags&post=9339"}],"curies":[{"name":"wp","href":"https:\/\/api.w.org\/{rel}","templated":true}]}}