{"id":8957,"date":"2022-04-26T14:07:40","date_gmt":"2022-04-26T12:07:40","guid":{"rendered":"https:\/\/sp6kwidzyn.pl\/?p=8957"},"modified":"2022-04-26T14:22:54","modified_gmt":"2022-04-26T12:22:54","slug":"i-powiatowy-konkurs-plastyczny-autyzm-jestem-blizej","status":"publish","type":"post","link":"https:\/\/sp6kwidzyn.pl\/?p=8957","title":{"rendered":"I Powiatowy Konkurs Plastyczny &#8211; &#8222;Autyzm &#8211; Jestem bli\u017cej&#8221;"},"content":{"rendered":"<div><span class=\"highlight\"><span class=\"colour\"><span class=\"font\"><span class=\"size\"><strong>2 kwietnia<\/strong> obchodzony by\u0142 <strong>\u015awiatowy Dzie\u0144 \u015awiadomo\u015bci Autyzmu<\/strong>. Klasa <strong>2a<\/strong> pog\u0142\u0119bia\u0142a swoj\u0105 wiedz\u0119 dotycz\u0105c\u0105 autyzmu, a tak\u017ce wzi\u0119\u0142a udzia\u0142 w <strong>I Powiatowym Konkursie Plastycznym &#8211; &#8222;Autyzm- Jestem bli\u017cej&#8221;<\/strong>. W konkursie tym ocenianych by\u0142o ponad sto prac. Ucze\u0144 naszej klasy p. <strong>Gra\u017cyny M\u0142ot<\/strong>&#8211;<strong>Jakub Kawiak<\/strong> otrzyma\u0142 nagrod\u0119 za <strong>II miejsce<\/strong> w kategorii klas I-III. <strong>Gratulujemy<\/strong> naszemu uczniowi, a wszystkim pozosta\u0142ym dzieciom dzi\u0119kujemy za oryginalne pomys\u0142y i pi\u0119kne prace. Wyr\u00f3\u017cnione prace mo\u017cna obejrze\u0107 na wystawie w <strong>SP5<\/strong> oraz w <strong>Bibliotece Miejsko- Powiatowej w Kwidzynie<\/strong>.<\/span><\/span><\/span><\/span><\/div>\n<div style=\"text-align: center;\"><div id=\"metaslider-id-8961\" style=\"width: 100%; margin: 0 auto;\" class=\"ml-slider-3-112-0 metaslider metaslider-flex metaslider-8961 ml-slider has-dots-nav has-carousel-mode ms-theme-default\" role=\"region\" aria-label=\"Wielkanoc 2a\" data-height=\"450\" data-width=\"650\">\n    <div id=\"metaslider_container_8961\">\n        <div id=\"metaslider_8961\">\n            <ul class='slides'>\n                <li style=\"display: none; width: 100%;\" class=\"slide-8971 ms-image \" aria-roledescription=\"slide\" data-date=\"2022-04-26 14:10:54\" data-filename=\"278136176_5328777793852083_2226880229017431329_n.jpg\" data-slide-type=\"image\"><img loading=\"lazy\" decoding=\"async\" width=\"431\" height=\"837\" src=\"https:\/\/sp6kwidzyn.pl\/wp-content\/uploads\/2022\/04\/278136176_5328777793852083_2226880229017431329_n.jpg\" class=\"slider-8961 slide-8971 msDefaultImage\" alt=\"\" rel=\"\" title=\"278136176_5328777793852083_2226880229017431329_n\" srcset=\"https:\/\/sp6kwidzyn.pl\/wp-content\/uploads\/2022\/04\/278136176_5328777793852083_2226880229017431329_n.jpg 431w, https:\/\/sp6kwidzyn.pl\/wp-content\/uploads\/2022\/04\/278136176_5328777793852083_2226880229017431329_n-154x300.jpg 154w\" sizes=\"auto, (max-width: 431px) 100vw, 431px\" \/><\/li>\n                <li style=\"display: none; width: 100%;\" class=\"slide-8972 ms-image \" aria-roledescription=\"slide\" data-date=\"2022-04-26 14:10:54\" data-filename=\"278143213_5328777677185428_7535218293888351792_n.jpg\" data-slide-type=\"image\"><img loading=\"lazy\" decoding=\"async\" width=\"410\" height=\"584\" src=\"https:\/\/sp6kwidzyn.pl\/wp-content\/uploads\/2022\/04\/278143213_5328777677185428_7535218293888351792_n.jpg\" class=\"slider-8961 slide-8972 msDefaultImage\" alt=\"\" rel=\"\" title=\"278143213_5328777677185428_7535218293888351792_n\" srcset=\"https:\/\/sp6kwidzyn.pl\/wp-content\/uploads\/2022\/04\/278143213_5328777677185428_7535218293888351792_n.jpg 410w, https:\/\/sp6kwidzyn.pl\/wp-content\/uploads\/2022\/04\/278143213_5328777677185428_7535218293888351792_n-211x300.jpg 211w\" sizes=\"auto, (max-width: 410px) 100vw, 410px\" \/><\/li>\n                <li style=\"display: none; width: 100%;\" class=\"slide-8973 ms-image \" aria-roledescription=\"slide\" data-date=\"2022-04-26 14:10:55\" data-filename=\"278231820_5328777883852074_2785692398451161779_n.jpg\" data-slide-type=\"image\"><img loading=\"lazy\" decoding=\"async\" width=\"960\" height=\"720\" src=\"https:\/\/sp6kwidzyn.pl\/wp-content\/uploads\/2022\/04\/278231820_5328777883852074_2785692398451161779_n.jpg\" class=\"slider-8961 slide-8973 msDefaultImage\" alt=\"\" rel=\"\" title=\"278231820_5328777883852074_2785692398451161779_n\" srcset=\"https:\/\/sp6kwidzyn.pl\/wp-content\/uploads\/2022\/04\/278231820_5328777883852074_2785692398451161779_n.jpg 960w, https:\/\/sp6kwidzyn.pl\/wp-content\/uploads\/2022\/04\/278231820_5328777883852074_2785692398451161779_n-300x225.jpg 300w, https:\/\/sp6kwidzyn.pl\/wp-content\/uploads\/2022\/04\/278231820_5328777883852074_2785692398451161779_n-768x576.jpg 768w, https:\/\/sp6kwidzyn.pl\/wp-content\/uploads\/2022\/04\/278231820_5328777883852074_2785692398451161779_n-640x480.jpg 640w\" sizes=\"auto, (max-width: 960px) 100vw, 960px\" \/><\/li>\n                <li style=\"display: none; width: 100%;\" class=\"slide-8974 ms-image \" aria-roledescription=\"slide\" data-date=\"2022-04-26 14:10:55\" data-filename=\"278294257_5328778563852006_3724256963227393552_n.jpg\" data-slide-type=\"image\"><img loading=\"lazy\" decoding=\"async\" width=\"1600\" height=\"1208\" src=\"https:\/\/sp6kwidzyn.pl\/wp-content\/uploads\/2022\/04\/278294257_5328778563852006_3724256963227393552_n.jpg\" class=\"slider-8961 slide-8974 msDefaultImage\" alt=\"\" rel=\"\" title=\"278294257_5328778563852006_3724256963227393552_n\" srcset=\"https:\/\/sp6kwidzyn.pl\/wp-content\/uploads\/2022\/04\/278294257_5328778563852006_3724256963227393552_n.jpg 1600w, https:\/\/sp6kwidzyn.pl\/wp-content\/uploads\/2022\/04\/278294257_5328778563852006_3724256963227393552_n-300x227.jpg 300w, https:\/\/sp6kwidzyn.pl\/wp-content\/uploads\/2022\/04\/278294257_5328778563852006_3724256963227393552_n-1024x773.jpg 1024w, https:\/\/sp6kwidzyn.pl\/wp-content\/uploads\/2022\/04\/278294257_5328778563852006_3724256963227393552_n-768x580.jpg 768w, https:\/\/sp6kwidzyn.pl\/wp-content\/uploads\/2022\/04\/278294257_5328778563852006_3724256963227393552_n-1536x1160.jpg 1536w\" sizes=\"auto, (max-width: 1600px) 100vw, 1600px\" \/><\/li>\n                <li style=\"display: none; width: 100%;\" class=\"slide-8975 ms-image \" aria-roledescription=\"slide\" data-date=\"2022-04-26 14:10:56\" data-filename=\"278381896_5328778757185320_9030562258962412409_n.jpg\" data-slide-type=\"image\"><img loading=\"lazy\" decoding=\"async\" width=\"1080\" height=\"810\" src=\"https:\/\/sp6kwidzyn.pl\/wp-content\/uploads\/2022\/04\/278381896_5328778757185320_9030562258962412409_n.jpg\" class=\"slider-8961 slide-8975 msDefaultImage\" alt=\"\" rel=\"\" title=\"278381896_5328778757185320_9030562258962412409_n\" srcset=\"https:\/\/sp6kwidzyn.pl\/wp-content\/uploads\/2022\/04\/278381896_5328778757185320_9030562258962412409_n.jpg 1080w, https:\/\/sp6kwidzyn.pl\/wp-content\/uploads\/2022\/04\/278381896_5328778757185320_9030562258962412409_n-300x225.jpg 300w, https:\/\/sp6kwidzyn.pl\/wp-content\/uploads\/2022\/04\/278381896_5328778757185320_9030562258962412409_n-1024x768.jpg 1024w, https:\/\/sp6kwidzyn.pl\/wp-content\/uploads\/2022\/04\/278381896_5328778757185320_9030562258962412409_n-768x576.jpg 768w, https:\/\/sp6kwidzyn.pl\/wp-content\/uploads\/2022\/04\/278381896_5328778757185320_9030562258962412409_n-640x480.jpg 640w\" sizes=\"auto, (max-width: 1080px) 100vw, 1080px\" \/><\/li>\n                <li style=\"display: none; width: 100%;\" class=\"slide-8976 ms-image \" aria-roledescription=\"slide\" data-date=\"2022-04-26 14:10:56\" data-filename=\"278394760_5328778680518661_1349122982004382243_n.jpg\" data-slide-type=\"image\"><img loading=\"lazy\" decoding=\"async\" width=\"1200\" height=\"1600\" src=\"https:\/\/sp6kwidzyn.pl\/wp-content\/uploads\/2022\/04\/278394760_5328778680518661_1349122982004382243_n.jpg\" class=\"slider-8961 slide-8976 msDefaultImage\" alt=\"\" rel=\"\" title=\"278394760_5328778680518661_1349122982004382243_n\" srcset=\"https:\/\/sp6kwidzyn.pl\/wp-content\/uploads\/2022\/04\/278394760_5328778680518661_1349122982004382243_n.jpg 1200w, https:\/\/sp6kwidzyn.pl\/wp-content\/uploads\/2022\/04\/278394760_5328778680518661_1349122982004382243_n-225x300.jpg 225w, https:\/\/sp6kwidzyn.pl\/wp-content\/uploads\/2022\/04\/278394760_5328778680518661_1349122982004382243_n-768x1024.jpg 768w, https:\/\/sp6kwidzyn.pl\/wp-content\/uploads\/2022\/04\/278394760_5328778680518661_1349122982004382243_n-1152x1536.jpg 1152w\" sizes=\"auto, (max-width: 1200px) 100vw, 1200px\" \/><\/li>\n                <li style=\"display: none; width: 100%;\" class=\"slide-8977 ms-image \" aria-roledescription=\"slide\" data-date=\"2022-04-26 14:10:56\" data-filename=\"278405782_5328778493852013_8291102487973301197_n.jpg\" data-slide-type=\"image\"><img loading=\"lazy\" decoding=\"async\" width=\"1600\" height=\"1200\" src=\"https:\/\/sp6kwidzyn.pl\/wp-content\/uploads\/2022\/04\/278405782_5328778493852013_8291102487973301197_n.jpg\" class=\"slider-8961 slide-8977 msDefaultImage\" alt=\"\" rel=\"\" title=\"278405782_5328778493852013_8291102487973301197_n\" srcset=\"https:\/\/sp6kwidzyn.pl\/wp-content\/uploads\/2022\/04\/278405782_5328778493852013_8291102487973301197_n.jpg 1600w, https:\/\/sp6kwidzyn.pl\/wp-content\/uploads\/2022\/04\/278405782_5328778493852013_8291102487973301197_n-300x225.jpg 300w, https:\/\/sp6kwidzyn.pl\/wp-content\/uploads\/2022\/04\/278405782_5328778493852013_8291102487973301197_n-1024x768.jpg 1024w, https:\/\/sp6kwidzyn.pl\/wp-content\/uploads\/2022\/04\/278405782_5328778493852013_8291102487973301197_n-768x576.jpg 768w, https:\/\/sp6kwidzyn.pl\/wp-content\/uploads\/2022\/04\/278405782_5328778493852013_8291102487973301197_n-1536x1152.jpg 1536w, https:\/\/sp6kwidzyn.pl\/wp-content\/uploads\/2022\/04\/278405782_5328778493852013_8291102487973301197_n-640x480.jpg 640w\" sizes=\"auto, (max-width: 1600px) 100vw, 1600px\" \/><\/li>\n            <\/ul>\n        <\/div>\n        \n    <\/div>\n<\/div><\/div>\n","protected":false},"excerpt":{"rendered":"<p>2 kwietnia obchodzony by\u0142 \u015awiatowy Dzie\u0144 \u015awiadomo\u015bci Autyzmu. Klasa 2a pog\u0142\u0119bia\u0142a swoj\u0105 wiedz\u0119 dotycz\u0105c\u0105 autyzmu, a tak\u017ce wzi\u0119\u0142a udzia\u0142 w [&hellip;]<\/p>\n","protected":false},"author":1,"featured_media":8968,"comment_status":"closed","ping_status":"closed","sticky":false,"template":"","format":"standard","meta":{"footnotes":""},"categories":[1],"tags":[],"class_list":["post-8957","post","type-post","status-publish","format-standard","has-post-thumbnail","hentry","category-bez-kategorii","has_thumb"],"aioseo_notices":[],"aioseo_head":"\n\t\t<!-- All in One SEO 5.0.1.1 - aioseo.com -->\n\t<meta name=\"robots\" content=\"max-image-preview:large\" \/>\n\t<meta name=\"author\" content=\"admin\"\/>\n\t<link rel=\"canonical\" href=\"https:\/\/sp6kwidzyn.pl\/?p=8957\" \/>\n\t<meta name=\"generator\" content=\"All in One SEO (AIOSEO) 5.0.1.1\" \/>\n\t\t<script type=\"application\/ld+json\" class=\"aioseo-schema\">\n\t\t\t{\"@context\":\"https:\\\/\\\/schema.org\",\"@graph\":[{\"@type\":\"Article\",\"@id\":\"https:\\\/\\\/sp6kwidzyn.pl\\\/?p=8957#article\",\"name\":\"I Powiatowy Konkurs Plastyczny \\u2013 \\u201eAutyzm \\u2013 Jestem bli\\u017cej\\u201d | Szko\\u0142a Podstawowa nr 6 im. W\\u0142adys\\u0142awa G\\u0119bika w Kwidzynie\",\"headline\":\"I Powiatowy Konkurs Plastyczny &#8211; &#8222;Autyzm &#8211; Jestem bli\\u017cej&#8221;\",\"author\":{\"@id\":\"https:\\\/\\\/sp6kwidzyn.pl\\\/?author=1#author\"},\"publisher\":{\"@id\":\"https:\\\/\\\/sp6kwidzyn.pl\\\/#organization\"},\"image\":{\"@type\":\"ImageObject\",\"url\":\"https:\\\/\\\/sp6kwidzyn.pl\\\/wp-content\\\/uploads\\\/2022\\\/04\\\/278405782_5328778493852013_8291102487973301197_n.jpg\",\"width\":1600,\"height\":1200},\"datePublished\":\"2022-04-26T14:07:40+02:00\",\"dateModified\":\"2022-04-26T14:22:54+02:00\",\"inLanguage\":\"pl-PL\",\"mainEntityOfPage\":{\"@id\":\"https:\\\/\\\/sp6kwidzyn.pl\\\/?p=8957#webpage\"},\"isPartOf\":{\"@id\":\"https:\\\/\\\/sp6kwidzyn.pl\\\/?p=8957#webpage\"},\"articleSection\":\"Bez kategorii\"},{\"@type\":\"BreadcrumbList\",\"@id\":\"https:\\\/\\\/sp6kwidzyn.pl\\\/?p=8957#breadcrumblist\",\"itemListElement\":[{\"@type\":\"ListItem\",\"@id\":\"https:\\\/\\\/sp6kwidzyn.pl#listItem\",\"position\":1,\"name\":\"Home\",\"item\":\"https:\\\/\\\/sp6kwidzyn.pl\",\"nextItem\":{\"@type\":\"ListItem\",\"@id\":\"https:\\\/\\\/sp6kwidzyn.pl\\\/?cat=1#listItem\",\"name\":\"Bez kategorii\"}},{\"@type\":\"ListItem\",\"@id\":\"https:\\\/\\\/sp6kwidzyn.pl\\\/?cat=1#listItem\",\"position\":2,\"name\":\"Bez kategorii\",\"item\":\"https:\\\/\\\/sp6kwidzyn.pl\\\/?cat=1\",\"nextItem\":{\"@type\":\"ListItem\",\"@id\":\"https:\\\/\\\/sp6kwidzyn.pl\\\/?p=8957#listItem\",\"name\":\"I Powiatowy Konkurs Plastyczny &#8211; &#8222;Autyzm &#8211; Jestem bli\\u017cej&#8221;\"},\"previousItem\":{\"@type\":\"ListItem\",\"@id\":\"https:\\\/\\\/sp6kwidzyn.pl#listItem\",\"name\":\"Home\"}},{\"@type\":\"ListItem\",\"@id\":\"https:\\\/\\\/sp6kwidzyn.pl\\\/?p=8957#listItem\",\"position\":3,\"name\":\"I Powiatowy Konkurs Plastyczny &#8211; &#8222;Autyzm &#8211; Jestem bli\\u017cej&#8221;\",\"previousItem\":{\"@type\":\"ListItem\",\"@id\":\"https:\\\/\\\/sp6kwidzyn.pl\\\/?cat=1#listItem\",\"name\":\"Bez kategorii\"}}]},{\"@type\":\"Organization\",\"@id\":\"https:\\\/\\\/sp6kwidzyn.pl\\\/#organization\",\"name\":\"Szko\\u0142a Podstawowa nr 6 w Kwidzynie im. dra W\\u0142adys\\u0142awa G\\u0119bika z Oddzia\\u0142ami Integracyjnymi\",\"description\":\"Wtryna SP6 w Kwidzynie\",\"url\":\"https:\\\/\\\/sp6kwidzyn.pl\\\/\",\"telephone\":\"+48552793444\"},{\"@type\":\"Person\",\"@id\":\"https:\\\/\\\/sp6kwidzyn.pl\\\/?author=1#author\",\"url\":\"https:\\\/\\\/sp6kwidzyn.pl\\\/?author=1\",\"name\":\"admin\"},{\"@type\":\"WebPage\",\"@id\":\"https:\\\/\\\/sp6kwidzyn.pl\\\/?p=8957#webpage\",\"url\":\"https:\\\/\\\/sp6kwidzyn.pl\\\/?p=8957\",\"name\":\"I Powiatowy Konkurs Plastyczny \\u2013 \\u201eAutyzm \\u2013 Jestem bli\\u017cej\\u201d | Szko\\u0142a Podstawowa nr 6 im. W\\u0142adys\\u0142awa G\\u0119bika w Kwidzynie\",\"inLanguage\":\"pl-PL\",\"isPartOf\":{\"@id\":\"https:\\\/\\\/sp6kwidzyn.pl\\\/#website\"},\"breadcrumb\":{\"@id\":\"https:\\\/\\\/sp6kwidzyn.pl\\\/?p=8957#breadcrumblist\"},\"author\":{\"@id\":\"https:\\\/\\\/sp6kwidzyn.pl\\\/?author=1#author\"},\"creator\":{\"@id\":\"https:\\\/\\\/sp6kwidzyn.pl\\\/?author=1#author\"},\"image\":{\"@type\":\"ImageObject\",\"url\":\"https:\\\/\\\/sp6kwidzyn.pl\\\/wp-content\\\/uploads\\\/2022\\\/04\\\/278405782_5328778493852013_8291102487973301197_n.jpg\",\"@id\":\"https:\\\/\\\/sp6kwidzyn.pl\\\/?p=8957\\\/#mainImage\",\"width\":1600,\"height\":1200},\"primaryImageOfPage\":{\"@id\":\"https:\\\/\\\/sp6kwidzyn.pl\\\/?p=8957#mainImage\"},\"datePublished\":\"2022-04-26T14:07:40+02:00\",\"dateModified\":\"2022-04-26T14:22:54+02:00\"},{\"@type\":\"WebSite\",\"@id\":\"https:\\\/\\\/sp6kwidzyn.pl\\\/#website\",\"url\":\"https:\\\/\\\/sp6kwidzyn.pl\\\/\",\"name\":\"Szko\\u0142a Podstawowa nr 6 im. W\\u0142adys\\u0142awa G\\u0119bika w Kwidzynie\",\"description\":\"Wtryna SP6 w Kwidzynie\",\"inLanguage\":\"pl-PL\",\"publisher\":{\"@id\":\"https:\\\/\\\/sp6kwidzyn.pl\\\/#organization\"}}]}\n\t\t<\/script>\n\t\t<!-- All in One SEO -->\n\n","aioseo_head_json":{"title":"I Powiatowy Konkurs Plastyczny \u2013 \u201eAutyzm \u2013 Jestem bli\u017cej\u201d | Szko\u0142a Podstawowa nr 6 im. W\u0142adys\u0142awa G\u0119bika w Kwidzynie","description":"","canonical_url":"https:\/\/sp6kwidzyn.pl\/?p=8957","robots":"max-image-preview:large","keywords":"","webmasterTools":{"miscellaneous":""},"schema":{"@context":"https:\/\/schema.org","@graph":[{"@type":"Article","@id":"https:\/\/sp6kwidzyn.pl\/?p=8957#article","name":"I Powiatowy Konkurs Plastyczny \u2013 \u201eAutyzm \u2013 Jestem bli\u017cej\u201d | Szko\u0142a Podstawowa nr 6 im. W\u0142adys\u0142awa G\u0119bika w Kwidzynie","headline":"I Powiatowy Konkurs Plastyczny &#8211; &#8222;Autyzm &#8211; Jestem bli\u017cej&#8221;","author":{"@id":"https:\/\/sp6kwidzyn.pl\/?author=1#author"},"publisher":{"@id":"https:\/\/sp6kwidzyn.pl\/#organization"},"image":{"@type":"ImageObject","url":"https:\/\/sp6kwidzyn.pl\/wp-content\/uploads\/2022\/04\/278405782_5328778493852013_8291102487973301197_n.jpg","width":1600,"height":1200},"datePublished":"2022-04-26T14:07:40+02:00","dateModified":"2022-04-26T14:22:54+02:00","inLanguage":"pl-PL","mainEntityOfPage":{"@id":"https:\/\/sp6kwidzyn.pl\/?p=8957#webpage"},"isPartOf":{"@id":"https:\/\/sp6kwidzyn.pl\/?p=8957#webpage"},"articleSection":"Bez kategorii"},{"@type":"BreadcrumbList","@id":"https:\/\/sp6kwidzyn.pl\/?p=8957#breadcrumblist","itemListElement":[{"@type":"ListItem","@id":"https:\/\/sp6kwidzyn.pl#listItem","position":1,"name":"Home","item":"https:\/\/sp6kwidzyn.pl","nextItem":{"@type":"ListItem","@id":"https:\/\/sp6kwidzyn.pl\/?cat=1#listItem","name":"Bez kategorii"}},{"@type":"ListItem","@id":"https:\/\/sp6kwidzyn.pl\/?cat=1#listItem","position":2,"name":"Bez kategorii","item":"https:\/\/sp6kwidzyn.pl\/?cat=1","nextItem":{"@type":"ListItem","@id":"https:\/\/sp6kwidzyn.pl\/?p=8957#listItem","name":"I Powiatowy Konkurs Plastyczny &#8211; &#8222;Autyzm &#8211; Jestem bli\u017cej&#8221;"},"previousItem":{"@type":"ListItem","@id":"https:\/\/sp6kwidzyn.pl#listItem","name":"Home"}},{"@type":"ListItem","@id":"https:\/\/sp6kwidzyn.pl\/?p=8957#listItem","position":3,"name":"I Powiatowy Konkurs Plastyczny &#8211; &#8222;Autyzm &#8211; Jestem bli\u017cej&#8221;","previousItem":{"@type":"ListItem","@id":"https:\/\/sp6kwidzyn.pl\/?cat=1#listItem","name":"Bez kategorii"}}]},{"@type":"Organization","@id":"https:\/\/sp6kwidzyn.pl\/#organization","name":"Szko\u0142a Podstawowa nr 6 w Kwidzynie im. dra W\u0142adys\u0142awa G\u0119bika z Oddzia\u0142ami Integracyjnymi","description":"Wtryna SP6 w Kwidzynie","url":"https:\/\/sp6kwidzyn.pl\/","telephone":"+48552793444"},{"@type":"Person","@id":"https:\/\/sp6kwidzyn.pl\/?author=1#author","url":"https:\/\/sp6kwidzyn.pl\/?author=1","name":"admin"},{"@type":"WebPage","@id":"https:\/\/sp6kwidzyn.pl\/?p=8957#webpage","url":"https:\/\/sp6kwidzyn.pl\/?p=8957","name":"I Powiatowy Konkurs Plastyczny \u2013 \u201eAutyzm \u2013 Jestem bli\u017cej\u201d | Szko\u0142a Podstawowa nr 6 im. W\u0142adys\u0142awa G\u0119bika w Kwidzynie","inLanguage":"pl-PL","isPartOf":{"@id":"https:\/\/sp6kwidzyn.pl\/#website"},"breadcrumb":{"@id":"https:\/\/sp6kwidzyn.pl\/?p=8957#breadcrumblist"},"author":{"@id":"https:\/\/sp6kwidzyn.pl\/?author=1#author"},"creator":{"@id":"https:\/\/sp6kwidzyn.pl\/?author=1#author"},"image":{"@type":"ImageObject","url":"https:\/\/sp6kwidzyn.pl\/wp-content\/uploads\/2022\/04\/278405782_5328778493852013_8291102487973301197_n.jpg","@id":"https:\/\/sp6kwidzyn.pl\/?p=8957\/#mainImage","width":1600,"height":1200},"primaryImageOfPage":{"@id":"https:\/\/sp6kwidzyn.pl\/?p=8957#mainImage"},"datePublished":"2022-04-26T14:07:40+02:00","dateModified":"2022-04-26T14:22:54+02:00"},{"@type":"WebSite","@id":"https:\/\/sp6kwidzyn.pl\/#website","url":"https:\/\/sp6kwidzyn.pl\/","name":"Szko\u0142a Podstawowa nr 6 im. W\u0142adys\u0142awa G\u0119bika w Kwidzynie","description":"Wtryna SP6 w Kwidzynie","inLanguage":"pl-PL","publisher":{"@id":"https:\/\/sp6kwidzyn.pl\/#organization"}}]}},"aioseo_meta_data":{"post_id":"8957","title":null,"description":null,"keywords":[],"keyphrases":{"focus":{"keyphrase":"","score":0,"analysis":{"keyphraseInTitle":{"score":0,"maxScore":9,"error":1}}},"additional":[]},"primary_term":null,"canonical_url":null,"og_title":null,"og_description":null,"og_object_type":"default","og_image_type":"default","og_image_url":null,"og_image_width":null,"og_image_height":null,"og_image_custom_url":null,"og_image_custom_fields":null,"og_video":"","og_custom_url":null,"og_article_section":null,"og_article_tags":[],"twitter_use_og":false,"twitter_card":"default","twitter_image_type":"default","twitter_image_url":null,"twitter_image_custom_url":null,"twitter_image_custom_fields":null,"twitter_title":null,"twitter_description":null,"schema":{"blockGraphs":[],"customGraphs":[],"default":{"data":{"Article":[],"Course":[],"Dataset":[],"FAQPage":[],"Movie":[],"Person":[],"Product":[],"ProductReview":[],"Car":[],"Recipe":[],"Service":[],"SoftwareApplication":[],"WebPage":[]},"graphName":"","isEnabled":true},"graphs":[]},"schema_type":"default","schema_type_options":"{\"article\":{\"articleType\":\"BlogPosting\"},\"course\":{\"name\":\"\",\"description\":\"\",\"provider\":\"\"},\"faq\":{\"pages\":[]},\"product\":{\"reviews\":[]},\"recipe\":{\"ingredients\":[],\"instructions\":[],\"keywords\":[]},\"software\":{\"reviews\":[],\"operatingSystems\":[]},\"webPage\":{\"webPageType\":\"WebPage\"}}","pillar_content":false,"robots_default":true,"robots_noindex":false,"robots_noarchive":false,"robots_nosnippet":false,"robots_nofollow":false,"robots_noimageindex":false,"robots_noodp":false,"robots_notranslate":false,"robots_max_snippet":"-1","robots_max_videopreview":"-1","robots_max_imagepreview":"large","priority":null,"frequency":"default","local_seo":null,"breadcrumb_settings":null,"limit_modified_date":false,"ai":null,"created":"2022-04-26 11:44:56","updated":"2022-09-14 04:55:32","seo_analyzer_scan_date":null,"focus_keyword":null,"additional_keywords":null,"truseo_locale":null},"_links":{"self":[{"href":"https:\/\/sp6kwidzyn.pl\/index.php?rest_route=\/wp\/v2\/posts\/8957","targetHints":{"allow":["GET"]}}],"collection":[{"href":"https:\/\/sp6kwidzyn.pl\/index.php?rest_route=\/wp\/v2\/posts"}],"about":[{"href":"https:\/\/sp6kwidzyn.pl\/index.php?rest_route=\/wp\/v2\/types\/post"}],"author":[{"embeddable":true,"href":"https:\/\/sp6kwidzyn.pl\/index.php?rest_route=\/wp\/v2\/users\/1"}],"replies":[{"embeddable":true,"href":"https:\/\/sp6kwidzyn.pl\/index.php?rest_route=%2Fwp%2Fv2%2Fcomments&post=8957"}],"version-history":[{"count":4,"href":"https:\/\/sp6kwidzyn.pl\/index.php?rest_route=\/wp\/v2\/posts\/8957\/revisions"}],"predecessor-version":[{"id":8980,"href":"https:\/\/sp6kwidzyn.pl\/index.php?rest_route=\/wp\/v2\/posts\/8957\/revisions\/8980"}],"wp:featuredmedia":[{"embeddable":true,"href":"https:\/\/sp6kwidzyn.pl\/index.php?rest_route=\/wp\/v2\/media\/8968"}],"wp:attachment":[{"href":"https:\/\/sp6kwidzyn.pl\/index.php?rest_route=%2Fwp%2Fv2%2Fmedia&parent=8957"}],"wp:term":[{"taxonomy":"category","embeddable":true,"href":"https:\/\/sp6kwidzyn.pl\/index.php?rest_route=%2Fwp%2Fv2%2Fcategories&post=8957"},{"taxonomy":"post_tag","embeddable":true,"href":"https:\/\/sp6kwidzyn.pl\/index.php?rest_route=%2Fwp%2Fv2%2Ftags&post=8957"}],"curies":[{"name":"wp","href":"https:\/\/api.w.org\/{rel}","templated":true}]}}