{"id":8639,"date":"2022-03-22T14:26:14","date_gmt":"2022-03-22T13:26:14","guid":{"rendered":"https:\/\/sp6kwidzyn.pl\/?p=8639"},"modified":"2022-03-22T14:52:28","modified_gmt":"2022-03-22T13:52:28","slug":"uczen-sp6-finalista-wojewodzkiego-konkursu-historycznego","status":"publish","type":"post","link":"https:\/\/sp6kwidzyn.pl\/?p=8639","title":{"rendered":"Ucze\u0144 SP6 &#8211; finalist\u0105 Wojew\u00f3dzkiego Konkursu Historycznego"},"content":{"rendered":"<p><strong>16.03.2022<\/strong> r. w Sali BHP <strong>Stoczni Gda\u0144skiej<\/strong> odby\u0142 si\u0119 ostatni etap XII <strong>Wojew\u00f3dzkiego Konkursu Historycznego <\/strong><em>Historia regionalna II wojna \u015bwiatowa na Pomorzu Gda\u0144skim<\/em>. Nasz\u0105 szko\u0142\u0119 reprezentowa\u0142 ucze\u0144 klasy 8b <strong>Marcel Bawelski<\/strong>, zostaj\u0105c jednocze\u015bnie finalist\u0105 \u00a0konkursu! <strong>Wielkie brawa Marcel<\/strong>!<\/p>\n<p>A tak o konkursie pisze p.<strong> Dawid Reschke<\/strong>, nauczyciel historii, kt\u00f3ry przygotowa\u0142 Marcela:<\/p>\n<p><em>Przedmiotem zmaga\u0144 konkursowych by\u0142y wydarzenia lat 1939-1945, takie jak dzia\u0142ania operacyjne w wojnie obronnej Polski, polskie punkty oporu na terenie przedwojennego woj. pomorskiego, czy polityka III Rzeszy wobec ludno\u015bci polskiej na terenie Pomorza. Ci\u0119\u017cko przy tym nie wspomnie\u0107 o zbrodniach przeprowadzonych przez okupant\u00f3w niemieckich podczas II wojny \u015bwiatowej; to w\u0142a\u015bnie Pia\u015bnica, Las Szp\u0119gawski, czy KL Stutthof w \u015bwiadomo\u015bci historycznej mieszka\u0144c\u00f3w Wybrze\u017ca Gda\u0144skiego stanowi\u0105 symbol martyrologii ludno\u015bci pomorskiej. Heroiczna walka, tak\u017ce b\u00f3l i cierpienie narodu polskiego pozostan\u0105 na zawsze w pami\u0119ci pokole\u0144, co wyra\u017anie podkre\u015bli\u0142a tematyka XII Wojew\u00f3dzkiego Konkursu Historycznego Historia regionalna II wojna \u015bwiatowa na Pomorzu Gda\u0144skim.<\/em><\/p>\n<p style=\"text-align: center;\"><div id=\"metaslider-id-8643\" style=\"width: 100%; margin: 0 auto;\" class=\"ml-slider-3-112-0 metaslider metaslider-flex metaslider-8643 ml-slider has-dots-nav has-carousel-mode ms-theme-default\" role=\"region\" aria-label=\"FinalistaKonkursuHistorycznego\" data-height=\"550\" data-width=\"750\">\n    <div id=\"metaslider_container_8643\">\n        <div id=\"metaslider_8643\">\n            <ul class='slides'>\n                <li style=\"display: none; width: 100%;\" class=\"slide-8648 ms-image \" aria-roledescription=\"slide\" data-date=\"2022-03-22 14:34:34\" data-filename=\"zdj1-XII-Wojewodzki-Konkurs-Historyczny-min-scaled-750x550.jpg\" data-slide-type=\"image\"><img loading=\"lazy\" decoding=\"async\" src=\"https:\/\/sp6kwidzyn.pl\/wp-content\/uploads\/2022\/03\/zdj1-XII-Wojewodzki-Konkurs-Historyczny-min-scaled-750x550.jpg\" height=\"550\" width=\"750\" alt=\"\" class=\"slider-8643 slide-8648 msDefaultImage\" title=\"zdj1 - XII Wojew\u00f3dzki Konkurs Historyczny-min\" \/><\/li>\n                <li style=\"display: none; width: 100%;\" class=\"slide-8649 ms-image \" aria-roledescription=\"slide\" data-date=\"2022-03-22 14:34:34\" data-filename=\"zdj5-XII-Wojewodzki-Konkurs-Historyczny-min-scaled-750x550.jpg\" data-slide-type=\"image\"><img loading=\"lazy\" decoding=\"async\" src=\"https:\/\/sp6kwidzyn.pl\/wp-content\/uploads\/2022\/03\/zdj5-XII-Wojewodzki-Konkurs-Historyczny-min-scaled-750x550.jpg\" height=\"550\" width=\"750\" alt=\"\" class=\"slider-8643 slide-8649 msDefaultImage\" title=\"zdj5 - XII Wojew\u00f3dzki Konkurs Historyczny-min\" \/><\/li>\n                <li style=\"display: none; width: 100%;\" class=\"slide-8650 ms-image \" aria-roledescription=\"slide\" data-date=\"2022-03-22 14:34:35\" data-filename=\"zdj6-XII-Wojewodzki-Konkurs-Historyczny-min-scaled-750x550.jpg\" data-slide-type=\"image\"><img loading=\"lazy\" decoding=\"async\" src=\"https:\/\/sp6kwidzyn.pl\/wp-content\/uploads\/2022\/03\/zdj6-XII-Wojewodzki-Konkurs-Historyczny-min-scaled-750x550.jpg\" height=\"550\" width=\"750\" alt=\"\" class=\"slider-8643 slide-8650 msDefaultImage\" title=\"zdj6 - XII Wojew\u00f3dzki Konkurs Historyczny-min\" \/><\/li>\n                <li style=\"display: none; width: 100%;\" class=\"slide-8651 ms-image \" aria-roledescription=\"slide\" data-date=\"2022-03-22 14:34:35\" data-filename=\"zdj7-XII-Wojewodzki-Konkurs-Historyczny-1-min-scaled-750x550.jpg\" data-slide-type=\"image\"><img loading=\"lazy\" decoding=\"async\" src=\"https:\/\/sp6kwidzyn.pl\/wp-content\/uploads\/2022\/03\/zdj7-XII-Wojewodzki-Konkurs-Historyczny-1-min-scaled-750x550.jpg\" height=\"550\" width=\"750\" alt=\"\" class=\"slider-8643 slide-8651 msDefaultImage\" title=\"zdj7 - XII Wojew\u00f3dzki Konkurs Historyczny (1)-min\" \/><\/li>\n            <\/ul>\n        <\/div>\n        \n    <\/div>\n<\/div><\/p>\n","protected":false},"excerpt":{"rendered":"<p>16.03.2022 r. w Sali BHP Stoczni Gda\u0144skiej odby\u0142 si\u0119 ostatni etap XII Wojew\u00f3dzkiego Konkursu Historycznego Historia regionalna II wojna \u015bwiatowa [&hellip;]<\/p>\n","protected":false},"author":1,"featured_media":8646,"comment_status":"closed","ping_status":"closed","sticky":false,"template":"","format":"standard","meta":{"footnotes":""},"categories":[1],"tags":[],"class_list":["post-8639","post","type-post","status-publish","format-standard","has-post-thumbnail","hentry","category-bez-kategorii","has_thumb"],"aioseo_notices":[],"aioseo_head":"\n\t\t<!-- All in One SEO 5.0.1.1 - aioseo.com -->\n\t<meta name=\"robots\" content=\"max-image-preview:large\" \/>\n\t<meta name=\"author\" content=\"admin\"\/>\n\t<link rel=\"canonical\" href=\"https:\/\/sp6kwidzyn.pl\/?p=8639\" \/>\n\t<meta name=\"generator\" content=\"All in One SEO (AIOSEO) 5.0.1.1\" \/>\n\t\t<script type=\"application\/ld+json\" class=\"aioseo-schema\">\n\t\t\t{\"@context\":\"https:\\\/\\\/schema.org\",\"@graph\":[{\"@type\":\"Article\",\"@id\":\"https:\\\/\\\/sp6kwidzyn.pl\\\/?p=8639#article\",\"name\":\"Ucze\\u0144 SP6 \\u2013 finalist\\u0105 Wojew\\u00f3dzkiego Konkursu Historycznego | Szko\\u0142a Podstawowa nr 6 im. W\\u0142adys\\u0142awa G\\u0119bika w Kwidzynie\",\"headline\":\"Ucze\\u0144 SP6 &#8211; finalist\\u0105 Wojew\\u00f3dzkiego Konkursu Historycznego\",\"author\":{\"@id\":\"https:\\\/\\\/sp6kwidzyn.pl\\\/?author=1#author\"},\"publisher\":{\"@id\":\"https:\\\/\\\/sp6kwidzyn.pl\\\/#organization\"},\"image\":{\"@type\":\"ImageObject\",\"url\":\"https:\\\/\\\/sp6kwidzyn.pl\\\/wp-content\\\/uploads\\\/2022\\\/03\\\/zdj6-XII-Wojewodzki-Konkurs-Historyczny-min-scaled.jpg\",\"width\":2560,\"height\":1920},\"datePublished\":\"2022-03-22T14:26:14+01:00\",\"dateModified\":\"2022-03-22T14:52:28+01:00\",\"inLanguage\":\"pl-PL\",\"mainEntityOfPage\":{\"@id\":\"https:\\\/\\\/sp6kwidzyn.pl\\\/?p=8639#webpage\"},\"isPartOf\":{\"@id\":\"https:\\\/\\\/sp6kwidzyn.pl\\\/?p=8639#webpage\"},\"articleSection\":\"Bez kategorii\"},{\"@type\":\"BreadcrumbList\",\"@id\":\"https:\\\/\\\/sp6kwidzyn.pl\\\/?p=8639#breadcrumblist\",\"itemListElement\":[{\"@type\":\"ListItem\",\"@id\":\"https:\\\/\\\/sp6kwidzyn.pl#listItem\",\"position\":1,\"name\":\"Home\",\"item\":\"https:\\\/\\\/sp6kwidzyn.pl\",\"nextItem\":{\"@type\":\"ListItem\",\"@id\":\"https:\\\/\\\/sp6kwidzyn.pl\\\/?cat=1#listItem\",\"name\":\"Bez kategorii\"}},{\"@type\":\"ListItem\",\"@id\":\"https:\\\/\\\/sp6kwidzyn.pl\\\/?cat=1#listItem\",\"position\":2,\"name\":\"Bez kategorii\",\"item\":\"https:\\\/\\\/sp6kwidzyn.pl\\\/?cat=1\",\"nextItem\":{\"@type\":\"ListItem\",\"@id\":\"https:\\\/\\\/sp6kwidzyn.pl\\\/?p=8639#listItem\",\"name\":\"Ucze\\u0144 SP6 &#8211; finalist\\u0105 Wojew\\u00f3dzkiego Konkursu Historycznego\"},\"previousItem\":{\"@type\":\"ListItem\",\"@id\":\"https:\\\/\\\/sp6kwidzyn.pl#listItem\",\"name\":\"Home\"}},{\"@type\":\"ListItem\",\"@id\":\"https:\\\/\\\/sp6kwidzyn.pl\\\/?p=8639#listItem\",\"position\":3,\"name\":\"Ucze\\u0144 SP6 &#8211; finalist\\u0105 Wojew\\u00f3dzkiego Konkursu Historycznego\",\"previousItem\":{\"@type\":\"ListItem\",\"@id\":\"https:\\\/\\\/sp6kwidzyn.pl\\\/?cat=1#listItem\",\"name\":\"Bez kategorii\"}}]},{\"@type\":\"Organization\",\"@id\":\"https:\\\/\\\/sp6kwidzyn.pl\\\/#organization\",\"name\":\"Szko\\u0142a Podstawowa nr 6 w Kwidzynie im. dra W\\u0142adys\\u0142awa G\\u0119bika z Oddzia\\u0142ami Integracyjnymi\",\"description\":\"Wtryna SP6 w Kwidzynie\",\"url\":\"https:\\\/\\\/sp6kwidzyn.pl\\\/\",\"telephone\":\"+48552793444\"},{\"@type\":\"Person\",\"@id\":\"https:\\\/\\\/sp6kwidzyn.pl\\\/?author=1#author\",\"url\":\"https:\\\/\\\/sp6kwidzyn.pl\\\/?author=1\",\"name\":\"admin\"},{\"@type\":\"WebPage\",\"@id\":\"https:\\\/\\\/sp6kwidzyn.pl\\\/?p=8639#webpage\",\"url\":\"https:\\\/\\\/sp6kwidzyn.pl\\\/?p=8639\",\"name\":\"Ucze\\u0144 SP6 \\u2013 finalist\\u0105 Wojew\\u00f3dzkiego Konkursu Historycznego | Szko\\u0142a Podstawowa nr 6 im. W\\u0142adys\\u0142awa G\\u0119bika w Kwidzynie\",\"inLanguage\":\"pl-PL\",\"isPartOf\":{\"@id\":\"https:\\\/\\\/sp6kwidzyn.pl\\\/#website\"},\"breadcrumb\":{\"@id\":\"https:\\\/\\\/sp6kwidzyn.pl\\\/?p=8639#breadcrumblist\"},\"author\":{\"@id\":\"https:\\\/\\\/sp6kwidzyn.pl\\\/?author=1#author\"},\"creator\":{\"@id\":\"https:\\\/\\\/sp6kwidzyn.pl\\\/?author=1#author\"},\"image\":{\"@type\":\"ImageObject\",\"url\":\"https:\\\/\\\/sp6kwidzyn.pl\\\/wp-content\\\/uploads\\\/2022\\\/03\\\/zdj6-XII-Wojewodzki-Konkurs-Historyczny-min-scaled.jpg\",\"@id\":\"https:\\\/\\\/sp6kwidzyn.pl\\\/?p=8639\\\/#mainImage\",\"width\":2560,\"height\":1920},\"primaryImageOfPage\":{\"@id\":\"https:\\\/\\\/sp6kwidzyn.pl\\\/?p=8639#mainImage\"},\"datePublished\":\"2022-03-22T14:26:14+01:00\",\"dateModified\":\"2022-03-22T14:52:28+01:00\"},{\"@type\":\"WebSite\",\"@id\":\"https:\\\/\\\/sp6kwidzyn.pl\\\/#website\",\"url\":\"https:\\\/\\\/sp6kwidzyn.pl\\\/\",\"name\":\"Szko\\u0142a Podstawowa nr 6 im. W\\u0142adys\\u0142awa G\\u0119bika w Kwidzynie\",\"description\":\"Wtryna SP6 w Kwidzynie\",\"inLanguage\":\"pl-PL\",\"publisher\":{\"@id\":\"https:\\\/\\\/sp6kwidzyn.pl\\\/#organization\"}}]}\n\t\t<\/script>\n\t\t<!-- All in One SEO -->\n\n","aioseo_head_json":{"title":"Ucze\u0144 SP6 \u2013 finalist\u0105 Wojew\u00f3dzkiego Konkursu Historycznego | Szko\u0142a Podstawowa nr 6 im. W\u0142adys\u0142awa G\u0119bika w Kwidzynie","description":"","canonical_url":"https:\/\/sp6kwidzyn.pl\/?p=8639","robots":"max-image-preview:large","keywords":"","webmasterTools":{"miscellaneous":""},"schema":{"@context":"https:\/\/schema.org","@graph":[{"@type":"Article","@id":"https:\/\/sp6kwidzyn.pl\/?p=8639#article","name":"Ucze\u0144 SP6 \u2013 finalist\u0105 Wojew\u00f3dzkiego Konkursu Historycznego | Szko\u0142a Podstawowa nr 6 im. W\u0142adys\u0142awa G\u0119bika w Kwidzynie","headline":"Ucze\u0144 SP6 &#8211; finalist\u0105 Wojew\u00f3dzkiego Konkursu Historycznego","author":{"@id":"https:\/\/sp6kwidzyn.pl\/?author=1#author"},"publisher":{"@id":"https:\/\/sp6kwidzyn.pl\/#organization"},"image":{"@type":"ImageObject","url":"https:\/\/sp6kwidzyn.pl\/wp-content\/uploads\/2022\/03\/zdj6-XII-Wojewodzki-Konkurs-Historyczny-min-scaled.jpg","width":2560,"height":1920},"datePublished":"2022-03-22T14:26:14+01:00","dateModified":"2022-03-22T14:52:28+01:00","inLanguage":"pl-PL","mainEntityOfPage":{"@id":"https:\/\/sp6kwidzyn.pl\/?p=8639#webpage"},"isPartOf":{"@id":"https:\/\/sp6kwidzyn.pl\/?p=8639#webpage"},"articleSection":"Bez kategorii"},{"@type":"BreadcrumbList","@id":"https:\/\/sp6kwidzyn.pl\/?p=8639#breadcrumblist","itemListElement":[{"@type":"ListItem","@id":"https:\/\/sp6kwidzyn.pl#listItem","position":1,"name":"Home","item":"https:\/\/sp6kwidzyn.pl","nextItem":{"@type":"ListItem","@id":"https:\/\/sp6kwidzyn.pl\/?cat=1#listItem","name":"Bez kategorii"}},{"@type":"ListItem","@id":"https:\/\/sp6kwidzyn.pl\/?cat=1#listItem","position":2,"name":"Bez kategorii","item":"https:\/\/sp6kwidzyn.pl\/?cat=1","nextItem":{"@type":"ListItem","@id":"https:\/\/sp6kwidzyn.pl\/?p=8639#listItem","name":"Ucze\u0144 SP6 &#8211; finalist\u0105 Wojew\u00f3dzkiego Konkursu Historycznego"},"previousItem":{"@type":"ListItem","@id":"https:\/\/sp6kwidzyn.pl#listItem","name":"Home"}},{"@type":"ListItem","@id":"https:\/\/sp6kwidzyn.pl\/?p=8639#listItem","position":3,"name":"Ucze\u0144 SP6 &#8211; finalist\u0105 Wojew\u00f3dzkiego Konkursu Historycznego","previousItem":{"@type":"ListItem","@id":"https:\/\/sp6kwidzyn.pl\/?cat=1#listItem","name":"Bez kategorii"}}]},{"@type":"Organization","@id":"https:\/\/sp6kwidzyn.pl\/#organization","name":"Szko\u0142a Podstawowa nr 6 w Kwidzynie im. dra W\u0142adys\u0142awa G\u0119bika z Oddzia\u0142ami Integracyjnymi","description":"Wtryna SP6 w Kwidzynie","url":"https:\/\/sp6kwidzyn.pl\/","telephone":"+48552793444"},{"@type":"Person","@id":"https:\/\/sp6kwidzyn.pl\/?author=1#author","url":"https:\/\/sp6kwidzyn.pl\/?author=1","name":"admin"},{"@type":"WebPage","@id":"https:\/\/sp6kwidzyn.pl\/?p=8639#webpage","url":"https:\/\/sp6kwidzyn.pl\/?p=8639","name":"Ucze\u0144 SP6 \u2013 finalist\u0105 Wojew\u00f3dzkiego Konkursu Historycznego | Szko\u0142a Podstawowa nr 6 im. W\u0142adys\u0142awa G\u0119bika w Kwidzynie","inLanguage":"pl-PL","isPartOf":{"@id":"https:\/\/sp6kwidzyn.pl\/#website"},"breadcrumb":{"@id":"https:\/\/sp6kwidzyn.pl\/?p=8639#breadcrumblist"},"author":{"@id":"https:\/\/sp6kwidzyn.pl\/?author=1#author"},"creator":{"@id":"https:\/\/sp6kwidzyn.pl\/?author=1#author"},"image":{"@type":"ImageObject","url":"https:\/\/sp6kwidzyn.pl\/wp-content\/uploads\/2022\/03\/zdj6-XII-Wojewodzki-Konkurs-Historyczny-min-scaled.jpg","@id":"https:\/\/sp6kwidzyn.pl\/?p=8639\/#mainImage","width":2560,"height":1920},"primaryImageOfPage":{"@id":"https:\/\/sp6kwidzyn.pl\/?p=8639#mainImage"},"datePublished":"2022-03-22T14:26:14+01:00","dateModified":"2022-03-22T14:52:28+01:00"},{"@type":"WebSite","@id":"https:\/\/sp6kwidzyn.pl\/#website","url":"https:\/\/sp6kwidzyn.pl\/","name":"Szko\u0142a Podstawowa nr 6 im. W\u0142adys\u0142awa G\u0119bika w Kwidzynie","description":"Wtryna SP6 w Kwidzynie","inLanguage":"pl-PL","publisher":{"@id":"https:\/\/sp6kwidzyn.pl\/#organization"}}]}},"aioseo_meta_data":{"post_id":"8639","title":null,"description":null,"keywords":[],"keyphrases":{"focus":{"keyphrase":"","score":0,"analysis":{"keyphraseInTitle":{"score":0,"maxScore":9,"error":1}}},"additional":[]},"primary_term":null,"canonical_url":null,"og_title":null,"og_description":null,"og_object_type":"default","og_image_type":"default","og_image_url":null,"og_image_width":null,"og_image_height":null,"og_image_custom_url":null,"og_image_custom_fields":null,"og_video":"","og_custom_url":null,"og_article_section":null,"og_article_tags":[],"twitter_use_og":false,"twitter_card":"default","twitter_image_type":"default","twitter_image_url":null,"twitter_image_custom_url":null,"twitter_image_custom_fields":null,"twitter_title":null,"twitter_description":null,"schema":{"blockGraphs":[],"customGraphs":[],"default":{"data":{"Article":[],"Course":[],"Dataset":[],"FAQPage":[],"Movie":[],"Person":[],"Product":[],"ProductReview":[],"Car":[],"Recipe":[],"Service":[],"SoftwareApplication":[],"WebPage":[]},"graphName":"","isEnabled":true},"graphs":[],"defaultGraph":"Article","defaultPostTypeGraph":""},"schema_type":"default","schema_type_options":"{\"article\":{\"articleType\":\"BlogPosting\"},\"course\":{\"name\":\"\",\"description\":\"\",\"provider\":\"\"},\"faq\":{\"pages\":[]},\"product\":{\"reviews\":[]},\"recipe\":{\"ingredients\":[],\"instructions\":[],\"keywords\":[]},\"software\":{\"reviews\":[],\"operatingSystems\":[]},\"webPage\":{\"webPageType\":\"WebPage\"}}","pillar_content":false,"robots_default":true,"robots_noindex":false,"robots_noarchive":false,"robots_nosnippet":false,"robots_nofollow":false,"robots_noimageindex":false,"robots_noodp":false,"robots_notranslate":false,"robots_max_snippet":"-1","robots_max_videopreview":"-1","robots_max_imagepreview":"large","priority":null,"frequency":"default","local_seo":null,"breadcrumb_settings":null,"limit_modified_date":false,"ai":null,"created":"2022-03-22 13:25:01","updated":"2022-09-14 04:58:38","seo_analyzer_scan_date":null,"focus_keyword":null,"additional_keywords":null,"truseo_locale":null},"_links":{"self":[{"href":"https:\/\/sp6kwidzyn.pl\/index.php?rest_route=\/wp\/v2\/posts\/8639","targetHints":{"allow":["GET"]}}],"collection":[{"href":"https:\/\/sp6kwidzyn.pl\/index.php?rest_route=\/wp\/v2\/posts"}],"about":[{"href":"https:\/\/sp6kwidzyn.pl\/index.php?rest_route=\/wp\/v2\/types\/post"}],"author":[{"embeddable":true,"href":"https:\/\/sp6kwidzyn.pl\/index.php?rest_route=\/wp\/v2\/users\/1"}],"replies":[{"embeddable":true,"href":"https:\/\/sp6kwidzyn.pl\/index.php?rest_route=%2Fwp%2Fv2%2Fcomments&post=8639"}],"version-history":[{"count":4,"href":"https:\/\/sp6kwidzyn.pl\/index.php?rest_route=\/wp\/v2\/posts\/8639\/revisions"}],"predecessor-version":[{"id":8652,"href":"https:\/\/sp6kwidzyn.pl\/index.php?rest_route=\/wp\/v2\/posts\/8639\/revisions\/8652"}],"wp:featuredmedia":[{"embeddable":true,"href":"https:\/\/sp6kwidzyn.pl\/index.php?rest_route=\/wp\/v2\/media\/8646"}],"wp:attachment":[{"href":"https:\/\/sp6kwidzyn.pl\/index.php?rest_route=%2Fwp%2Fv2%2Fmedia&parent=8639"}],"wp:term":[{"taxonomy":"category","embeddable":true,"href":"https:\/\/sp6kwidzyn.pl\/index.php?rest_route=%2Fwp%2Fv2%2Fcategories&post=8639"},{"taxonomy":"post_tag","embeddable":true,"href":"https:\/\/sp6kwidzyn.pl\/index.php?rest_route=%2Fwp%2Fv2%2Ftags&post=8639"}],"curies":[{"name":"wp","href":"https:\/\/api.w.org\/{rel}","templated":true}]}}