{"id":7963,"date":"2021-12-16T08:33:40","date_gmt":"2021-12-16T07:33:40","guid":{"rendered":"https:\/\/sp6kwidzyn.pl\/?p=7963"},"modified":"2021-12-16T08:33:58","modified_gmt":"2021-12-16T07:33:58","slug":"wyroznienie-w-powiatowym-konkursie-plastycznym-barwy-jesieni","status":"publish","type":"post","link":"https:\/\/sp6kwidzyn.pl\/?p=7963","title":{"rendered":"Wyr\u00f3\u017cnienie w Powiatowym Konkursie Plastycznym &#8221; Barwy Jesieni&#8221;"},"content":{"rendered":"<p style=\"text-align: left;\"><img loading=\"lazy\" decoding=\"async\" class=\" wp-image-7964 alignleft\" src=\"https:\/\/sp6kwidzyn.pl\/wp-content\/uploads\/2021\/12\/leaves-4393918_1920.jpg\" alt=\"\" width=\"122\" height=\"122\" srcset=\"https:\/\/sp6kwidzyn.pl\/wp-content\/uploads\/2021\/12\/leaves-4393918_1920.jpg 1920w, https:\/\/sp6kwidzyn.pl\/wp-content\/uploads\/2021\/12\/leaves-4393918_1920-300x300.jpg 300w, https:\/\/sp6kwidzyn.pl\/wp-content\/uploads\/2021\/12\/leaves-4393918_1920-1024x1024.jpg 1024w, https:\/\/sp6kwidzyn.pl\/wp-content\/uploads\/2021\/12\/leaves-4393918_1920-150x150.jpg 150w, https:\/\/sp6kwidzyn.pl\/wp-content\/uploads\/2021\/12\/leaves-4393918_1920-768x768.jpg 768w, https:\/\/sp6kwidzyn.pl\/wp-content\/uploads\/2021\/12\/leaves-4393918_1920-1536x1536.jpg 1536w\" sizes=\"auto, (max-width: 122px) 100vw, 122px\" \/>Mi\u0142o nam poinformowa\u0107, \u017ce uczennica klasy 2b<strong> Zofia Gregorczyk<\/strong> otrzyma\u0142a wyr\u00f3\u017cnienie w <strong>Powiatowym Konkursie Plastycznym<\/strong> &#8221; <em>Barwy Jesieni<\/em>&#8222;<\/p>\n<p style=\"text-align: right;\">Gratulujemy!<br \/>\n<img loading=\"lazy\" decoding=\"async\" class=\" wp-image-493 alignright\" src=\"https:\/\/sp6kwidzyn.pl\/wp-content\/uploads\/2019\/03\/oklaski.png\" alt=\"\" width=\"135\" height=\"97\" srcset=\"https:\/\/sp6kwidzyn.pl\/wp-content\/uploads\/2019\/03\/oklaski.png 398w, https:\/\/sp6kwidzyn.pl\/wp-content\/uploads\/2019\/03\/oklaski-300x216.png 300w\" sizes=\"auto, (max-width: 135px) 100vw, 135px\" \/><br \/>\nWychowawczynie: <strong>Marzena Strociak<\/strong> i <strong>Jolanta Kubiak<\/strong><\/p>\n","protected":false},"excerpt":{"rendered":"<p>Mi\u0142o nam poinformowa\u0107, \u017ce uczennica klasy 2b Zofia Gregorczyk otrzyma\u0142a wyr\u00f3\u017cnienie w Powiatowym Konkursie Plastycznym &#8221; Barwy Jesieni&#8222; Gratulujemy! Wychowawczynie: [&hellip;]<\/p>\n","protected":false},"author":1,"featured_media":0,"comment_status":"closed","ping_status":"closed","sticky":false,"template":"","format":"standard","meta":{"footnotes":""},"categories":[1],"tags":[],"class_list":["post-7963","post","type-post","status-publish","format-standard","hentry","category-bez-kategorii","has_thumb"],"aioseo_notices":[],"_links":{"self":[{"href":"https:\/\/sp6kwidzyn.pl\/index.php?rest_route=\/wp\/v2\/posts\/7963","targetHints":{"allow":["GET"]}}],"collection":[{"href":"https:\/\/sp6kwidzyn.pl\/index.php?rest_route=\/wp\/v2\/posts"}],"about":[{"href":"https:\/\/sp6kwidzyn.pl\/index.php?rest_route=\/wp\/v2\/types\/post"}],"author":[{"embeddable":true,"href":"https:\/\/sp6kwidzyn.pl\/index.php?rest_route=\/wp\/v2\/users\/1"}],"replies":[{"embeddable":true,"href":"https:\/\/sp6kwidzyn.pl\/index.php?rest_route=%2Fwp%2Fv2%2Fcomments&post=7963"}],"version-history":[{"count":2,"href":"https:\/\/sp6kwidzyn.pl\/index.php?rest_route=\/wp\/v2\/posts\/7963\/revisions"}],"predecessor-version":[{"id":7966,"href":"https:\/\/sp6kwidzyn.pl\/index.php?rest_route=\/wp\/v2\/posts\/7963\/revisions\/7966"}],"wp:attachment":[{"href":"https:\/\/sp6kwidzyn.pl\/index.php?rest_route=%2Fwp%2Fv2%2Fmedia&parent=7963"}],"wp:term":[{"taxonomy":"category","embeddable":true,"href":"https:\/\/sp6kwidzyn.pl\/index.php?rest_route=%2Fwp%2Fv2%2Fcategories&post=7963"},{"taxonomy":"post_tag","embeddable":true,"href":"https:\/\/sp6kwidzyn.pl\/index.php?rest_route=%2Fwp%2Fv2%2Ftags&post=7963"}],"curies":[{"name":"wp","href":"https:\/\/api.w.org\/{rel}","templated":true}]}}