{"id":6077,"date":"2021-01-17T16:52:14","date_gmt":"2021-01-17T15:52:14","guid":{"rendered":"https:\/\/sp6kwidzyn.pl\/?p=6077"},"modified":"2021-01-19T16:56:35","modified_gmt":"2021-01-19T15:56:35","slug":"terminarz-organizacji-roku-szk_2020_21","status":"publish","type":"post","link":"https:\/\/sp6kwidzyn.pl\/?p=6077","title":{"rendered":"Terminarz organizacji roku szk_2020_21"},"content":{"rendered":"<p><strong>Terminarz organizacji roku szkolnego<\/strong><\/p>\n<p><strong>Terminy <\/strong><\/p>\n<ul>\n<li>Rozpocz\u0119cie roku szkolnego:\u00a0<strong>1 wrze\u015bnia 2020 r.<\/strong><\/li>\n<li>Zimowa przerwa \u015bwi\u0105teczna:\u00a0<strong>23 \u2013 31 grudnia 2020 r.<\/strong> potrwa\u00a0<strong>12 dni (<\/strong>1 stycznia wypada w pi\u0105tek, uczniowie w szko\u0142ach &#8211; w poniedzia\u0142ek,\u00a0<strong>4 stycznia 2021 roku)<\/strong><\/li>\n<li>Ferie zimowe pomorskie:\u00a0<strong>1 &#8211; 14 lutego 2021 r.<\/strong><\/li>\n<li>Wiosenna przerwa \u015bwi\u0105teczna\u00a0<strong>1 kwietnia \u2013 6 kwietnia 2021 r.<\/strong><\/li>\n<li>Egzamin \u00f3smoklasisty:\u00a0<strong> 25-27 maja 2021 r. <\/strong><\/li>\n<li>Zako\u0144czenie zaj\u0119\u0107 dydaktyczno-wychowawczych:\u00a0<strong>25 czerwca 2021 r.<\/strong><\/li>\n<li>Ferie letnie:\u00a0<strong>26 czerwca \u2013 31 sierpnia 2021 r.<\/strong><\/li>\n<\/ul>\n<p><strong><u>Dodatkowe dni wolne od nauki:<\/u><\/strong><\/p>\n<ul>\n<li><strong>11 listopada 2020<\/strong>(\u015broda): Narodowe \u015awi\u0119to Niepodleg\u0142o\u015bci<\/li>\n<li><strong>1 stycznia 2021<\/strong>(pi\u0105tek): Nowy Rok<\/li>\n<li><strong>6 stycznia 2021<\/strong>(\u015broda): \u015awi\u0119to Trzech Kr\u00f3li<\/li>\n<li><strong>3 maja 2021<\/strong>(poniedzia\u0142ek): \u015awi\u0119to Konstytucji 3 Maja<\/li>\n<li><strong>3 czerwca 2021<\/strong>(czwartek): Bo\u017ce Cia\u0142o<\/li>\n<\/ul>\n<p><strong><u>Dni opieku\u0144cze<\/u><\/strong><strong>: 2 XI, 4- 5 I, 30 IV, 25- 26-27 V \u2013 3 dni \u2013 egzamin 8-klasisty, 4 VI<\/strong><\/p>\n<p><strong><u>Terminarz oceniania i klasyfikacji<\/u><\/strong><\/p>\n<table>\n<tbody>\n<tr>\n<td width=\"1252\"><strong><u>I p\u00f3\u0142rocze<\/u><\/strong><u> (1 wrze\u015bnia &#8211; 15 stycznia)<\/u><\/td>\n<td width=\"1295\"><strong><u>II p\u00f3\u0142rocze<\/u><\/strong><u> (16 stycznia &#8211; 18 czerwca)<\/u><\/td>\n<\/tr>\n<tr>\n<td width=\"1252\"><strong>Do 11 wrze\u015bnia <\/strong>&#8211; zapoznanie uczni\u00f3w i ich rodzic\u00f3w z WSO, PSO<\/p>\n<p><strong>14 wrze\u015bnia<\/strong> \u2013 wybory do Rady Rodzic\u00f3w<\/p>\n<p><strong>Do 28 wrze\u015bnia <\/strong>&#8211; ewaluacja Szkolnego Programu Wychowawczo- Profilaktycznego przez RR<\/p>\n<p><strong>Do 7 grudnia<\/strong> &#8211; pisemne powiadomienie uczni\u00f3w i ich rodzic\u00f3w o zagro\u017ceniach semestralnych (nieklasyfikowanie, oceny niedostateczne, naganne i nieodpowiednie zachowanie)<\/p>\n<p><strong>Do 7 stycznia<\/strong> &#8211; powiadomienie uczni\u00f3w i ich rodzic\u00f3w o przewidywanych ocenach na I p\u00f3\u0142rocze<\/td>\n<td width=\"1295\"><strong>Do 15 stycznia \u2013 <\/strong>wystawienie ocen za I p\u00f3\u0142rocze<\/p>\n<p><strong>18 stycznia<\/strong> &#8211; rada pedagogiczna klasyfikacyjna<\/p>\n<p><strong>25 stycznia <\/strong>&#8211; wywiad\u00f3wki<\/p>\n<p><strong>Do 10 maja<\/strong> &#8211; pisemne powiadomienie uczni\u00f3w i ich rodzic\u00f3w o zagro\u017ceniach ko\u0144cowo-rocznych (nieklasyfikowanie, oceny niedostateczne, naganne i nieodpowiednie zachowanie, niepromowanie)<\/p>\n<p><strong>Do 10 czerwca<\/strong> &#8211; powiadomienie uczni\u00f3w i ich rodzic\u00f3w o przewidywanych ocenach<\/p>\n<p><strong>18 czerwca \u2013 <\/strong>wystawienie ocen<\/p>\n<p><strong>21 czerwca<\/strong> &#8211; rada pedagogiczna klasyfikacyjna,<\/p>\n<p><strong>28 czerwca <\/strong>\u2013 rada pedagogiczna podsumowuj\u0105ca, roczna<\/td>\n<\/tr>\n<\/tbody>\n<\/table>\n<p><strong>Terminarz og\u00f3lnoszkolnych konsultacji dla rodzic\u00f3w, zebra\u0144 klasowych, Rady Rodzic\u00f3w, pedagogizacji.<\/strong><\/p>\n<table width=\"2553\">\n<tbody>\n<tr>\n<td width=\"1252\"><strong><u>I p\u00f3\u0142rocze<\/u><\/strong><u> (1 wrze\u015bnia &#8211; 15 stycznia)<\/u><\/td>\n<td width=\"1301\"><strong><u>II p\u00f3\u0142rocze<\/u><\/strong><u> (16 stycznia &#8211; 18 czerwca)<\/u><\/td>\n<\/tr>\n<tr>\n<td width=\"1252\"><strong>7-10 IX &#8211; <\/strong>obowi\u0105zkowe zebrania z wychowawcami, <em>wybory do rad klasowych, RR; sprawy organizacji roku szk., umowy klasowe, zgody rodzic\u00f3w i in.; terminarz i tematyka spotka\u0144, imprez, wycieczek<\/em><\/p>\n<p><strong>14 IX &#8211;<\/strong> wybory do RR; <em>sprawy organizacyjne, ustalenie terminarza,<\/em> <em>plany pracy, przydzia\u0142 zada\u0144 na rok szk., tematyka pedagogizacji<\/em><\/p>\n<p><strong>28 IX <em>&#8211;<\/em><\/strong> zebranie RR; <em>ewaluacja szkolnego programu wychowawczo-profilaktycznego<\/em><\/p>\n<p><strong>5 X, 2 XI, 7 XII, 7 I &#8211; <\/strong><em>konsultacje dla rodzic\u00f3w<\/em><\/td>\n<td width=\"1301\"><strong>25 I<\/strong> <strong>&#8211;<\/strong> obowi\u0105zkowa wywiad\u00f3wka; pedagogizacje<\/p>\n<p><strong>28 I &#8211;<\/strong> <em>konsultacje dla rodzic\u00f3w;<\/em> zebranie RR podsumowanie dzia\u0142alno\u015bci za I p\u00f3\u0142rocze<\/p>\n<p><strong>1 III &#8211; <\/strong><em>konsultacje dla rodzic\u00f3w;<\/em><\/p>\n<p><strong>19 III &#8211; <\/strong>spotkania z rodzicami przysz\u0142ych 1.klasist\u00f3w,<\/p>\n<p><strong>12 IV<\/strong> <strong>&#8211;<\/strong> <em>konsultacje dla rodzic\u00f3w;<\/em><\/p>\n<p><strong>10 V &#8211;<\/strong> <em>konsultacje dla rodzic\u00f3w<\/em><\/p>\n<p><strong>10 VI &#8211;<\/strong> <em>konsultacje dla rodzic\u00f3w<sup>)<\/sup><\/em>; zebranie RR; podsumowanie dzia\u0142alno\u015bci roczne<\/td>\n<\/tr>\n<tr>\n<td colspan=\"2\" width=\"2553\"><strong>Konsultacje og\u00f3lnoszkolne dla rodzic\u00f3w<\/strong><em>: pierwszy poniedzia\u0142ek miesi\u0105ca kl.I-IV godz.15<sup>30<\/sup>\u201316<sup>30<\/sup>; kl.V-VIII \u2013godz.16<sup>30<\/sup>\u201317<sup>30<\/sup> FORMA ZDALNA; indywidualne spotkania po um\u00f3wieniu z nauczycielem<\/em><strong>. Zebrania klasowe<\/strong> i pedagogizacje &#8211;<em> kl. I-IV godz.15<sup>30<\/sup> \u2013 16<sup>30<\/sup>; kl. V- VIII &#8211; godz. 16<sup>30<\/sup> \u2013 17<sup>30<\/sup> &#8211; <\/em>\u00a0<em>FORMA ZDALNA<\/em> wg potrzeb, w termin ustalony przez wych. klasy z rodzicami; zg\u0142oszenie dyrekcji szko\u0142y. <em>Protoko\u0142y (wnioski) z zebra\u0144 \u2013 z\u0142o\u017cone w sekretariacie szko\u0142y w ci\u0105gu 3 dni <\/em><\/td>\n<\/tr>\n<\/tbody>\n<\/table>\n<p><strong>Aneks nr 1\u00a0<\/strong><\/p>\n<p><strong><u>Terminarz organizacji roku szkolnego<\/u><\/strong><\/p>\n<ol>\n<li><strong>a)\u00a0Terminy<\/strong><\/li>\n<\/ol>\n<p>Rozpocz\u0119cie roku szkolnego:\u00a0<strong>1 wrze\u015bnia 2020 r.<\/strong><\/p>\n<p>Narodowe \u015awi\u0119to Niepodleg\u0142o\u015bci:\u00a0<strong>11 listopada 2020 r.<\/strong><\/p>\n<p>Zimowa przerwa \u015bwi\u0105teczna:\u00a0<strong>23 \u2013 31 grudnia 2020 r.<\/strong>\u00a0potrwa\u00a0<strong>12 dni<\/strong><\/p>\n<p>Nowy Rok: <strong>1 stycznia 2021 r<\/strong>.<\/p>\n<p>\u015awi\u0119to Trzech Kr\u00f3li: <strong>6 stycznia 2021 r.<\/strong><\/p>\n<p>Ferie zimowe:\u00a0<strong>4- 17 stycznia 2021 r.<\/strong><\/p>\n<p>Wiosenna przerwa \u015bwi\u0105teczna:\u00a0<strong>1 kwietnia \u2013 6 kwietnia 2021 r.<\/strong><\/p>\n<p>\u015awi\u0119to Konstytucji 3 Maja:\u00a0<strong>3 maja 2021 r.<\/strong><\/p>\n<p>Egzamin \u00f3smoklasisty:\u00a0<strong>25-26-27 maja 2021 r. godz. 9.00\/ j.polski, matematyka, j\u0119zyk obcy nowo\u017cytny<\/strong><\/p>\n<p>Bo\u017ce Cia\u0142o:\u00a0<strong>3 czerwca 2021 r.<\/strong><\/p>\n<p>Zako\u0144czenie zaj\u0119\u0107 dydaktyczno-wychowawczych:\u00a0<strong>25 czerwca 2021 r.<\/strong><\/p>\n<p>Ferie letnie:\u00a0<strong>26 czerwca \u2013 31 sierpnia 2021 r.<\/strong><\/p>\n<p><strong><u>Dni opieku\u0144cze:\u00a0\u00a0<\/u><\/strong><strong>25- 26-27 V<\/strong> \u2013 3 dni \u2013 egzamin 8-klasisty oraz zaopiniowane przez Rad\u0119 Rodzic\u00f3w: <strong>2 XI, 30 IV\u00a0,\u00a04 VI<\/strong><\/p>\n<ol>\n<li><strong>b)\u00a0<\/strong>Apele, akademie, imprezy szkolne<\/li>\n<\/ol>\n<p><u>Dni Integracji na 4 Pory Roku, Dni Kulturalne Sz\u00f3stki\u00a0<\/u>&#8211;\u00a0<em>prezentacje uczni\u00f3w podczas akademii, klasowych spotka\u0144 <strong>on-line<\/strong><\/em><\/p>\n<table width=\"2461\">\n<tbody>\n<tr>\n<td width=\"1067\">JESIENNE DNI INTEGRACJI &#8211; <em>Wrzesie\u0144 miesi\u0105cem integracji klasowej<\/em><\/p>\n<p>1 wrze\u015bnia (wt.)<em> &#8211;<\/em> rozpocz\u0119cie roku szkolnego, \u015alubowanie Klas Pierwszych; rocznica wybuchu II Wojny \u015awiatowej;<\/p>\n<p>17 wrze\u015bnia (cz.) -rocznica agresji ZSRR na Polsk\u0119<\/td>\n<td width=\"1394\"><em>Luty miesi\u0105cem pisania opowiada\u0144<\/em><\/p>\n<p>14 lutego &#8211; Walentynki<\/p>\n<p>&nbsp;<\/td>\n<\/tr>\n<tr>\n<td width=\"1067\"><em>Pa\u017adziernik miesi\u0105cem oszcz\u0119dzania i dobroci dla<\/em> zwierz\u0105t <em>(zbi\u00f3rka surowc\u00f3w wt\u00f3rnych, karmy dla zwierz\u0105t)<\/em><\/p>\n<p>14 X (\u015br.) Dzie\u0144 Edukacji Narodowej\u00a0<em>on line<\/em><\/td>\n<td width=\"1394\">WIOSENNE DNI INTEGRACJI i DNI KULTURALNE SZ\u00d3STKI<\/p>\n<p><em>Marzec miesi\u0105cem kultury i sztuki<\/em> <em>(prezent. talent\u00f3w artystycznych: muzyczne, taneczne, malarskie)<\/em><\/p>\n<p><em>1 marca (pon.) \u2013Narodowy Dzie\u0144 Pami\u0119ci \u017bo\u0142nierzy Wykl\u0119tych<\/em><\/p>\n<p>18-19 III (czw.-pt.) Szko\u0142a dla przedszkola\/ zapisy do klas I<\/p>\n<p><em>26 III (pt.) \u2013rocznica \u015bmierci Patrona szko\u0142y dra W\u0142. G\u0119bika<\/em><\/td>\n<\/tr>\n<tr>\n<td width=\"1067\">Listopad miesi\u0105cem pami\u0119ci o zmar\u0142ych, pami\u0119ci narodowej<\/p>\n<p><em>11 listopada (\u015br.) \u2013 \u015awi\u0119to Niepodleg\u0142o\u015bci<\/em><\/td>\n<td width=\"1394\"><em>Kwiecie\u0144 miesi\u0105cem promocji zdrowego stylu \u017cycia, \u015bwi\u0105teczne zwyczaje<\/em><\/p>\n<p>10 kwietnia &#8211; rocznica zbrodni katy\u0144skiej, katastrofy smole\u0144skiej<\/td>\n<\/tr>\n<tr>\n<td width=\"1067\">ZIMOWE DNI INTEGRACJI<\/p>\n<p><em>Grudzie\u0144 miesi\u0105cem ksi\u0105\u017cki i czytelnika (Ksi\u0105\u017cka na d\u0142ugie zimowe wieczory)<\/em><\/p>\n<p><em>17-18 grudnia (cz.- pt.) &#8211; Jase\u0142ka, wigilie klasowe z wych.; noworoczne postanowienia \u2013 on line<\/em><\/td>\n<td width=\"1394\"><em>Maj miesi\u0105cem mi\u0142o\u015bci i rodziny<\/em><\/p>\n<p><em>30 kwietnia\/Majowe \u015awi\u0119ta\/1-3 V \u015awi\u0119to Pracy, Dzie\u0144 Flagi, Konstytucji 3 Maja,<\/em> <em>NMP<\/em><\/p>\n<p>25-27 V 2021 r. Egzamin 8.klasisty<\/p>\n<p>26 V (\u015br.) Dzie\u0144 Matki<\/p>\n<p>1 VI (pon.) Dzie\u0144 Rodziny, Dzie\u0144 Dziecka i Sportu Szkolnego, Piknik integracyjny<\/td>\n<\/tr>\n<tr>\n<td width=\"1067\"><em>Stycze\u0144 miesi\u0105cem nauki i rozrywki<\/em>\u00a0<em>(Stare i nowe gry i zabawy stolikowe)<\/em><\/p>\n<p>21-22 I (cz.-pt.) \u015awi\u0119to Babci i Dziadka<\/td>\n<td width=\"1394\">LETNIE DNI INTEGRACJI<\/p>\n<p><em>Czerwiec miesi\u0105cem turystyki i rekreacji (organizacja wyj\u015b\u0107 i wycieczek klasowych)<\/em><\/p>\n<p>15 VI (wt.) \u015awi\u0119to Szko\u0142y, rocznica urodzin W\u0142. G\u0119bika, Nadania Szkole Sztandaru i Imienia; przygotowania do Jubileuszu 60-lecia szko\u0142y<\/p>\n<p>23 VI Dzie\u0144 Ojca (\u015br.)<\/p>\n<p>25 czerwca (pt.) &#8211; zako\u0144czenie roku szkolnego<\/td>\n<\/tr>\n<\/tbody>\n<\/table>\n<ol>\n<li>c) Terminarz oceniania i klasyfikacji<\/li>\n<\/ol>\n<table width=\"2390\">\n<tbody>\n<tr>\n<td width=\"1138\"><strong><u>I p\u00f3\u0142rocze<\/u><\/strong>\u00a0(1 wrze\u015bnia &#8211; 27 stycznia)<\/td>\n<td width=\"1253\"><strong><u>II p\u00f3\u0142rocze<\/u><\/strong><u>\u00a0(28 stycznia &#8211; 18 czerwca)<\/u><\/td>\n<\/tr>\n<tr>\n<td width=\"1138\"><strong>Do 11 wrze\u015bnia\u00a0<\/strong>&#8211; zapoznanie uczni\u00f3w i ich rodzic\u00f3w z<strong>\u00a0<\/strong>WZO, PZO<\/p>\n<p><strong>14 wrze\u015bnia<\/strong>\u2013 wybory do Rady Rodzic\u00f3w<\/p>\n<p><strong>Do 28 wrze\u015bnia\u00a0<\/strong>&#8211; ewaluacja Szkolnego Programu Wychowawczo- Profilaktycznego przez RR<\/p>\n<p><strong>Do 18 grudnia<\/strong>\u00a0&#8211; pisemne powiadomienie uczni\u00f3w i ich rodzic\u00f3w o zagro\u017ceniach semestralnych (nieklasyfikowanie, oceny niedostateczne, naganne i nieodpowiednie zachowanie)<\/p>\n<p><strong>Do 21 stycznia<\/strong>\u00a0&#8211; powiadomienie uczni\u00f3w i ich rodzic\u00f3w o przewidywanych ocenach na I p\u00f3\u0142rocze<\/p>\n<p><strong>Do 27 stycznia \u2013\u00a0<\/strong>wystawienie ocen za I p\u00f3\u0142rocze<\/td>\n<td width=\"1253\"><strong>28 stycznia<\/strong>&#8211; rada pedagogiczna klasyfikacyjna<\/p>\n<p><strong>29 stycznia\u00a0<\/strong>&#8211; wywiad\u00f3wki<\/p>\n<p><strong>Do 10 maja<\/strong>\u00a0&#8211; pisemne powiadomienie uczni\u00f3w i ich rodzic\u00f3w o zagro\u017ceniach ko\u0144cowo-rocznych (nieklasyfikowanie, oceny niedostateczne, naganne i nieodpowiednie zachowanie, niepromowanie)<\/p>\n<p><strong>Do 10 czerwca &#8211;<\/strong>\u00a0powiadomienie uczni\u00f3w i ich rodzic\u00f3w o przewidywanych ocenach<\/p>\n<p><strong>18 czerwca \u2013\u00a0<\/strong>wystawienie ocen<\/p>\n<p><strong>21 czerwca<\/strong>\u00a0&#8211; rada pedagogiczna klasyfikacyjna,<\/p>\n<p><strong>28 czerwca\u00a0<\/strong>\u2013 rada pedagogiczna podsumowuj\u0105ca, roczna<\/td>\n<\/tr>\n<\/tbody>\n<\/table>\n<ol>\n<li>d) Terminarz og\u00f3lnoszkolnych konsultacji dla rodzic\u00f3w, zebra\u0144 klasowych, Rady Rodzic\u00f3w, pedagogizacji.<\/li>\n<\/ol>\n<table width=\"2390\">\n<tbody>\n<tr>\n<td width=\"1256\"><strong><u>I p\u00f3\u0142rocze<\/u><\/strong>\u00a0(1 wrze\u015bnia &#8211; 27 stycznia)<\/td>\n<td width=\"1134\">\u00a0\u00a0\u00a0\u00a0\u00a0\u00a0\u00a0\u00a0\u00a0\u00a0\u00a0\u00a0\u00a0\u00a0\u00a0\u00a0\u00a0\u00a0\u00a0\u00a0\u00a0\u00a0\u00a0\u00a0\u00a0\u00a0\u00a0\u00a0\u00a0\u00a0\u00a0\u00a0\u00a0\u00a0\u00a0\u00a0\u00a0\u00a0<strong><u>II p\u00f3\u0142rocze<\/u><\/strong><u>\u00a0(28 stycznia &#8211; 18 czerwca)<\/u><\/td>\n<\/tr>\n<\/tbody>\n<\/table>\n<table width=\"2390\">\n<tbody>\n<tr>\n<td width=\"1252\"><strong>7-10 IX<\/strong> &#8211; obowi\u0105zkowe zebrania z wychowawcami, wybory do rad klasowych, RR; sprawy organizacji roku szk., umowy klasowe, zgody rodzic\u00f3w<em>\u00a0i in.; terminarz i tematyka spotka\u0144, imprez, wycieczek<\/em><\/p>\n<p><strong>14 IX &#8211;<\/strong>\u00a0wybory do RR;\u00a0<em>sprawy organizacyjne, ustalenie terminarza,<\/em>\u00a0<em>plany pracy, przydzia\u0142 zada\u0144 na rok szk., tematyka pedagogizacji<\/em><\/p>\n<p><strong>28 IX &#8211;<\/strong>\u00a0zebranie RR;\u00a0<em>ewaluacja szkolnego programu wychowawczo-profilaktycznego<\/em><\/p>\n<p><strong>5 X, 2 XI, 18 XII,\u00a0\u00a021 I &#8211;<\/strong><em>konsultacje dla rodzic\u00f3w<\/em><\/td>\n<td width=\"1139\"><strong>28 I &#8211;<\/strong>\u00a0zebranie RR podsumowanie dzia\u0142alno\u015bci za I p\u00f3\u0142rocze<\/p>\n<p><strong>29 I &#8211;<\/strong>\u00a0obowi\u0105zkowa wywiad\u00f3wka; pedagogizacje<\/p>\n<p><strong>1 III &#8211;\u00a0<\/strong><em>konsultacje dla rodzic\u00f3w;<\/em><\/p>\n<p><strong>19 III &#8211;\u00a0<\/strong>spotkania z rodzicami przysz\u0142ych 1.klasist\u00f3w,<\/p>\n<p><strong>12 IV &#8211;<\/strong>\u00a0<em>konsultacje dla rodzic\u00f3w;<\/em><\/p>\n<p><strong>10 V &#8211;\u00a0<\/strong><em>konsultacje dla rodzic\u00f3w<\/em><\/p>\n<p><strong>10 VI &#8211;<\/strong>\u00a0<em>konsultacje dla rodzic\u00f3w<sup>)<\/sup><\/em>;<strong>\u00a0<\/strong>zebranie RR; podsumowanie dzia\u0142alno\u015bci roczne<\/td>\n<\/tr>\n<tr>\n<td colspan=\"2\" width=\"2390\"><strong>Konsultacje og\u00f3lnoszkolne dla rodzic\u00f3w<\/strong><em>: pierwszy poniedzia\u0142ek miesi\u0105ca kl. I-IV godz.15<sup>30<\/sup>\u00a0\u2013 16<sup>30<\/sup>;<\/em><\/p>\n<p><em>kl. V- VIII \u2013godz. 16<sup>30<\/sup>\u00a0\u2013 17<sup>30<\/sup>\u00a0FORMA ZDALNA; indywidualne spotkania \u2013 po um\u00f3wieniu z nauczycielem<\/em><\/p>\n<p><strong>Zebrania klasowe<\/strong>\u00a0i pedagogizacje &#8211;<em>\u00a0kl. I-IV godz.15<sup>30<\/sup>\u00a0\u2013 16<sup>30<\/sup>; kl. V- VIII &#8211; godz. 16<sup>30<\/sup>\u00a0\u2013 17<sup>30<\/sup>\u00a0&#8211;\u00a0<\/em><\/p>\n<p><em>FORMA ZDALNA<\/em>\u00a0wg potrzeb, w termin ustalony przez wych. klasy z rodzicami; zg\u0142oszenie dyrekcji szko\u0142y.<\/p>\n<p><em>Protoko\u0142y (wnioski) z zebra\u0144 \u2013 z\u0142o\u017cone w sekretariacie szko\u0142y w ci\u0105gu 3 dni<\/em><\/td>\n<\/tr>\n<\/tbody>\n<\/table>\n<p>Rady pedagogiczne: 31 VIII, 15 IX, 28 I, 18 II, 18 VI, 28 VI<\/p>\n<p><strong>\u00a0<\/strong><\/p>\n<p><strong>Procedury bezpiecze\u0144stwa w okresie pandemii Covid \u2013 19 obowi\u0105zuj\u0105ce od 1 wrze\u015bnia 2020 r. (do odwo\u0142ania)<\/strong><strong><br \/>\nna terenie Szko\u0142y Podstawowej nr 6 z Oddzia\u0142ami Integracyjnymi im. W\u0142. G\u0119bika w Kwid<\/strong><strong>zynie<\/strong><\/p>\n<ol>\n<li><strong> PODSTAWA PRAWNA:<\/strong><strong><br \/>\n<\/strong><em>1. Ustawa z dnia 5 grudnia 2008 r. o zapobieganiu oraz zwalczaniu zaka\u017ce\u0144 i chor\u00f3b zaka\u017anych u ludzi (Dz. U. z 2019 r. poz.1239 ze zm.),<\/em><em><br \/>\n2. Ustawa z dnia 14 marca 1985 r. o Pa\u0144stwowej Inspekcji Sanitarnej (Dz. U. z 2019 r. poz. 59 ze zm.),<br \/>\n3. Ustawa z dnia 14 grudnia 2016 r. Prawo o\u015bwiatowe (Dz. U. z 2019 r. poz. 1148 ze. zm.),<br \/>\n4. Rozporz\u0105dzenie Ministra Edukacji Narodowej i Sportu w sprawie bezpiecze\u0144stwa i higieny w publicznych i niepublicznych szko\u0142ach i plac\u00f3wkach (Dz. U. z 2003 r. Nr 6 poz. 69 ze zm.),<br \/>\n5. Rozporz\u0105dzenie Ministra Edukacji Narodowej z dnia 14 maja 2020 r. zmieniaj\u0105ce rozporz\u0105dzenie w sprawie szczeg\u00f3lnych rozwi\u0105za\u0144 w okresie czasowego ograniczenia funkcjonowania jednostek systemu o\u015bwiaty w zwi\u0105zku z zapobieganiem, przeciwdzia\u0142aniem i zwalczaniem COVID-19. ( Dz. U z 2020r. poz. 872),<\/em><br \/>\n<strong>II. OBOWI\u0104ZKI DYREKTORA PLAC\u00d3WKI:<\/strong><strong><br \/>\n<\/strong>1. Ustala i dostosowuje procedury obowi\u0105zuj\u0105ce w plac\u00f3wce do wymog\u00f3w zwi\u0119kszonego re\u017cimu sanitarnego w warunkach pandemii koronawirusa i choroby COVID-19.<br \/>\n2. Umieszcza w widocznym miejscu instrukcje z zasadami prawid\u0142owego mycia r\u0105k.<br \/>\n3. Organizuje prac\u0119 nauczycieli oraz pracownik\u00f3w obs\u0142ugi i administracji na okres wzmo\u017conego re\u017cimu sanitarnego w warunkach pandemii koronawirusa i choroby COVID-19.<br \/>\n4. Przekazuje rodzicom informacje o czynnikach ryzyka COVID-19, informuje o procedurach oraz o odpowiedzialno\u015bci za podj\u0119t\u0105 decyzj\u0119 zwi\u0105zan\u0105 z wys\u0142aniem dziecka do plac\u00f3wki poprzez umieszczenie procedur wraz z za\u0142\u0105cznikami na stronie szko\u0142y.<br \/>\n5. Zapewnia pomieszczenie s\u0142u\u017c\u0105ce do izolacji dziecka oraz pracownika.<br \/>\n6. Zapewnia codzienn\u0105 dezynfekcj\u0119 wykorzystywanych do zaj\u0119\u0107 pomocy dydaktycznych, sprz\u0119tu i przybor\u00f3w sportowych.<br \/>\n7. Jest odpowiedzialny za usuni\u0119cie przedmiot\u00f3w i sprz\u0119tu, kt\u00f3rych nie mo\u017cna skutecznie upra\u0107 lub dezynfekowa\u0107 (np. pluszowe zabawki).<br \/>\n8. Dyrektor wyznacza pracownika szko\u0142y, kt\u00f3ry dokonuje pomiaru temperatury dziecka\/ pracownika przy wej\u015bciu do szko\u0142y.<br \/>\n<strong>III. OBOWI\u0104ZKI PRACOWNIK\u00d3W:<\/strong><strong><br \/>\nObowi\u0105zki nauczycieli:<br \/>\n<\/strong>1. Pracuj\u0105 wed\u0142ug ustalonego przez dyrektora harmonogramu, realizuj\u0105c zaj\u0119cia dydaktyczne, wychowawcze i opieku\u0144cze tak\u017ce w przypadku konieczno\u015bci pracy zdalnej.<br \/>\n2. Dbaj\u0105 o higien\u0119 r\u0105k \u2013 cz\u0119sto myj\u0105 myd\u0142em lub \u015brodkiem dezynfekuj\u0105cym, nie dotykaj\u0105 okolicy twarzy, ust, nosa i oczu.<br \/>\n3. Przychodz\u0105 do szko\u0142y na 15 minut przed rozpocz\u0119ciem lekcji.<br \/>\n4. Po dezynfekcji r\u0105k przy wej\u015bciu do budynku udaj\u0105 si\u0119 do sali, w kt\u00f3rej b\u0119d\u0105 mieli lekcj\u0119 i czekaj\u0105 na uczni\u00f3w.<br \/>\n5. Wyja\u015bniaj\u0105 dzieciom zasady obowi\u0105zuj\u0105ce w szkole ze zwr\u00f3ceniem szczeg\u00f3lnej uwagi na przestrzeganie zasad higieny w zwi\u0105zku z zagro\u017ceniem zaka\u017cenia koronawirusem.<br \/>\n6. Organizuj\u0105 wyj\u015bcia poszczeg\u00f3lnych klas\/grup uczni\u00f3w na teren przyleg\u0142y do szko\u0142y tak, aby nie miesza\u0142y si\u0119 ze sob\u0105.<br \/>\n7. Zachowuj\u0105 dystans spo\u0142eczny mi\u0119dzy sob\u0105, w ka\u017cdej przestrzeni plac\u00f3wki, wynosz\u0105cy co najmniej 1,5 metra.<br \/>\n8. Unikaj\u0105 organizowania wi\u0119kszych skupisk uczni\u00f3w w jednym pomieszczeniu, przy jednym urz\u0105dzeniu, np. w sali gimnastycznej, na sto\u0142\u00f3wce, w \u015bwietlicy, na placu zabaw.<br \/>\n9. Przestrzegaj\u0105 zasad korzystania z placu zabaw, stosuj\u0105c si\u0119 do zalece\u0144 G\u0142\u00f3wnego Inspektora Sanitarnego, w tym dotycz\u0105cych zachowania dystansu spo\u0142ecznego.<br \/>\n10. W sytuacji, gdy na placu zabaw nie mo\u017cna zachowa\u0107 dystansu spo\u0142ecznego z uwagi na du\u017c\u0105 liczb\u0119 przebywaj\u0105cych os\u00f3b, zaleca si\u0119 rezygnacj\u0119 z rekreacji lub jej kontynuacj\u0119 w p\u00f3\u017aniejszym czasie.<br \/>\n11. Podczas realizacji zaj\u0119\u0107, w tym zaj\u0119\u0107 wychowania fizycznego i sportowych, w kt\u00f3rych nie mo\u017cna zachowa\u0107 dystansu, ograniczaj\u0105 \u0107wiczenia i gry kontaktowe.<br \/>\n12. Przeprowadzaj\u0105 dezynfekcj\u0119 r\u0105k uczniom wchodz\u0105cym do klasy.<br \/>\n13. Przeprowadzaj\u0105 na bie\u017c\u0105co dezynfekcj\u0119 przybor\u00f3w do tablicy (markery, wska\u017aniki).<br \/>\n14. Zwracaj\u0105 uwag\u0119, by po ka\u017cdej lekcji by\u0142y wietrzone sale, w kt\u00f3rych odbywa\u0142y si\u0119 zaj\u0119cia, a w razie potrzeby wietrzy sale w ci\u0105gu zaj\u0119\u0107.<br \/>\n15. W przypadku deszczu i bardzo z\u0142ych warunk\u00f3w atmosferycznych (pogodowych) pozostaj\u0105 z uczniami w klasie na czas przerwy. Wymagany ruch mog\u0105 zast\u0105pi\u0107 \u0107wiczeniami lub zabawami w lub przy \u0142awkach.<br \/>\n16. Z uwagi na brak mo\u017cliwo\u015bci dezynfekcji kredy ograniczaj\u0105 korzystanie z niej lub zak\u0142adaj\u0105 r\u0119kawice.<br \/>\n17. W przypadku podejrzenia zaka\u017cenia koronawirusem lub choroby COVID-19 (duszno\u015bci, kaszel, gor\u0105czka) pozostaj\u0105 w domu i zawiadamiaj\u0105 o tym fakcie dyrektora plac\u00f3wki,<br \/>\n<strong>Obowi\u0105zki pracownik\u00f3w obs\u0142ugi:<br \/>\n<\/strong>1. Przychodz\u0105 do pracy na okre\u015blon\u0105 w grafiku godzin\u0119 i dezynfekuj\u0105 r\u0119ce przy wej\u015bciu do szko\u0142y.<br \/>\n2. Dbaj\u0105 o higien\u0119 r\u0105k \u2013 cz\u0119sto myj\u0105 myd\u0142em lub \u015brodkiem dezynfekuj\u0105cym, nie dotykaj\u0105 okolicy twarzy, ust, nosa i oczu.<br \/>\n3. Zachowuj\u0105 dystans spo\u0142eczny w kontakcie z innymi osobami w szkole. S\u0105 zaopatrzeni w maseczki lub przy\u0142bice, r\u0119kawice i fartuchy.<br \/>\n4. O godzinie 7.45 otwieraj\u0105 drzwi sal lekcyjnych i pozostawiaj\u0105 w nich klucz od wewn\u0105trz.<br \/>\n5. O godzinie 7.50 otwieraj\u0105 drzwi wej\u015bciowe do szko\u0142y i wspomagaj\u0105 dy\u017cur nauczycieli.<br \/>\n6. Po sprz\u0105tni\u0119ciu sali i zdezynfekowaniu sprz\u0119tu po sko\u0144czonych zaj\u0119ciach zamykaj\u0105 drzwi na klucz i odnosz\u0105 do dy\u017curki.<br \/>\n7. Wykonuj\u0105 prace porz\u0105dkowe, wietrz\u0105 pomieszczenie, w kt\u00f3rym pracuj\u0105.<br \/>\n8. Powierzchnie dotykowe w tym biurka, lady, sto\u0142y, klamki, w\u0142\u0105czniki \u015bwiat\u0142a, por\u0119cze, blaty do spo\u017cywania posi\u0142k\u00f3w i inne przedmioty (np. telefony, klawiatury) regularnie przemywaj\u0105 \u015brodkiem dezynfekuj\u0105cym lub wod\u0105 z detergentem.<br \/>\n9. Wszystkie obszary cz\u0119sto u\u017cywane, takie jak toalety, ci\u0105gi komunikacyjne regularnie i starannie sprz\u0105taj\u0105 z u\u017cyciem wody z detergentem.<br \/>\n10. Zachowuj\u0105 szczeg\u00f3ln\u0105 ostro\u017cno\u015b\u0107, korzystaj\u0105c z pomieszcze\u0144 s\u0142u\u017c\u0105cych do wykonywania swoich obowi\u0105zk\u00f3w.<br \/>\n11. W przypadku podejrzenia zaka\u017cenia koronawirusem lub choroby COVID-19 pozostaj\u0105 w domu i zawiadamiaj\u0105 o tym fakcie dyrektora szko\u0142y.<br \/>\n<strong>Obowi\u0105zki pracownik\u00f3w administracji:<br \/>\n<\/strong>1. Przychodz\u0105 do pracy na okre\u015blon\u0105 w grafiku godzin\u0119 i dezynfekuj\u0105 r\u0119ce przy wej\u015bciu do szko\u0142y.<br \/>\n2. Dbaj\u0105 o higien\u0119 r\u0105k \u2013 cz\u0119sto myj\u0105 myd\u0142em lub \u015brodkiem dezynfekuj\u0105cym, nie dotykaj\u0105 okolicy twarzy, ust, nosa i oczu.<br \/>\n3. Zachowuj\u0105 dystans spo\u0142eczny w kontakcie z innymi osobami w szkole. S\u0105 zaopatrzeni w maseczki lub przy\u0142bice, r\u0119kawice.<br \/>\n4. Wietrz\u0105 pomieszczenie, w kt\u00f3rym pracuj\u0105.<br \/>\n5. Zachowuj\u0105 szczeg\u00f3ln\u0105 ostro\u017cno\u015b\u0107, korzystaj\u0105c z pomieszcze\u0144 s\u0142u\u017c\u0105cych do wykonywania swoich obowi\u0105zk\u00f3w.<br \/>\n6. Zgodnie z grafikiem przyjmuj\u0105 interesant\u00f3w, kt\u00f3rzy zg\u0142aszaj\u0105 si\u0119 do dy\u017curki szko\u0142y.<br \/>\n7. W przypadku podejrzenia zaka\u017cenia koronawirusem lub choroby COVID-19 pozostaj\u0105 w domu i zawiadamiaj\u0105 o tym fakcie dyrektora szko\u0142y.<br \/>\n<strong>IV. OBOWI\u0104ZKI RODZIC\u00d3W\/OPIEKUN\u00d3W PRAWNYCH:<\/strong><strong><br \/>\n<\/strong>1. Rodzice\/opiekunowie prawni s\u0105 zobowi\u0105zani do zapoznania si\u0119 z Procedurami bezpiecze\u0144stwa w okresie pandemii covid-19 na terenie Szko\u0142y Podstawowej nr 6 z Oddzia\u0142ami Integracyjnymi im. W\u0142. G\u0119bika w Kwidzynie.<br \/>\n2. Dostarczaj\u0105 do szko\u0142y uzupe\u0142nione O\u015bwiadczenie rodzica\/ opiekuna prawnego stanowi\u0105ce za\u0142\u0105cznik nr 1.<br \/>\n3. Stosuj\u0105 si\u0119 do zalece\u0144 lekarskich, kt\u00f3re mog\u0105 okre\u015bli\u0107 czas nieposy\u0142ania dziecka do instytucji, je\u015bli wcze\u015bniej dziecko chorowa\u0142o.<br \/>\n4. Zaopatruj\u0105 swoje dzieci w \u015brodki ochrony osobistej, tj. maseczki lub przy\u0142bice. Maseczka powinna by\u0107 przechowywana w woreczku lub pude\u0142ku opisanym jego imieniem i na-zwiskiem.<br \/>\n5. Przestrzegaj\u0105 wytycznych dotycz\u0105cych nieprzynoszenia zabawek i innych niepotrzebnych przedmiot\u00f3w przez dziecko do szko\u0142y.<br \/>\n6. Regularnie przypominaj\u0105 dziecku o podstawowych zasadach higieny m.in. myciu r\u0105k wod\u0105 z myd\u0142em, niepodawaniu r\u0119ki na przywitanie, unikaniu cz\u0119stego dotykania oczu, nosa i ust. Zwracaj\u0105 uwag\u0119 na odpowiedni spos\u00f3b zas\u0142aniania twarzy podczas kichania czy kas\u0142ania.<br \/>\n7. Rodzic\/opiekun prawny oddaje dziecko pod opiek\u0119 wyznaczonemu pracownikowi przed wej\u015bciem do szko\u0142y \u2013 nie wchodzi na teren szko\u0142y. Rodzice i opiekunowie prawni przyprowadzaj\u0105cy i odbieraj\u0105cy dzieci do\/ze szko\u0142y s\u0105 zobowi\u0105zani do zachowania dystansu spo\u0142ecznego w odniesieniu do pracownik\u00f3w szko\u0142y oraz innych dzieci i ich rodzic\u00f3w wynosz\u0105cy co najmniej 1,5 metra.<br \/>\n8. Dopilnowuj\u0105, by dziecko przysz\u0142o do szko\u0142y nie wcze\u015bniej ni\u017c 10 minut przed rozpocz\u0119ciem zaj\u0119\u0107.<br \/>\n9. S\u0105 zobowi\u0105zani do podania aktualnego numeru telefonu i odbierania telefon\u00f3w od pracownika szko\u0142y. W przypadku braku takiej mo\u017cliwo\u015bci z uwagi na prac\u0119 powiadamiaj\u0105 pisemnie o upowa\u017cnieniu innej osoby.<br \/>\n10. Uczniowie mog\u0105 by\u0107 przyprowadzani do szko\u0142y i z niej odbierani przez opiekun\u00f3w bez objaw\u00f3w chorobowych sugeruj\u0105cych infekcj\u0119 dr\u00f3g oddechowych. W drodze do i ze szko\u0142y opiekunowie z dzie\u0107mi oraz uczniowie przestrzegaj\u0105 aktualnych przepis\u00f3w prawa dotycz\u0105cych zachowania w przestrzeni publicznej.<br \/>\n<strong>V. PROCEDURY NA WYPADEK STWIERDZENIA PODEJRZENIA ZAKA\u017bENIEM KORONAWIRUSEM LUB CHOROBY COVID \u2013 19<\/strong><strong><br \/>\n<\/strong>1. Dziecko, u kt\u00f3rego stwierdzono podejrzenie zaka\u017cenia koronawirusem lub choroby COVID \u2013 19 (duszno\u015bci, kaszel, gor\u0105czk\u0119), bezzw\u0142ocznie przez pracownika wyposa\u017conego w przy\u0142bic\u0119, fartuch ochronny, p\u00f3\u0142mask\u0119 i r\u0119kawiczki zostaje odizolowany do wyznaczonego pomieszczenia &#8211; izolatorium.<br \/>\n2. Pracownik pozostaje z dzieckiem, utrzymuj\u0105c min. 1,5 m odleg\u0142o\u015bci.<br \/>\n3. Wychowawca\/nauczyciel zawiadamia dyrektora o zaistnia\u0142ej sytuacji i bezzw\u0142ocznie zawiadamia o niej rodzic\u00f3w ucznia.<br \/>\n4. Dyrektor zawiadamia Powiatow\u0105 Stacj\u0119 Sanitarno\u2013 Epidemiologiczn\u0105 w Kwidzynie.<br \/>\n5. Pracownik, u kt\u00f3rego w czasie pracy wyst\u0105pi\u0142y objawy chorobowe mog\u0105ce wskazywa\u0107 na zaka\u017cenie koronawirusem zg\u0142asza ten fakt dyrektorowi i bezzw\u0142ocznie udaje si\u0119 do wyznaczonego pomieszczenia \u2013 izolatorium.<br \/>\n6. Dyrektor kieruje do pomocy osob\u0119, kt\u00f3ra przyst\u0119puj\u0105c do dzia\u0142a\u0144, zabezpiecza si\u0119 w przy\u0142bic\u0119, fartuch ochronny, maseczk\u0119 i r\u0119kawiczki i bezzw\u0142ocznie zawiadamia odpowiednie s\u0142u\u017cy, kt\u00f3re podejmuj\u0105 dalsze kroki bezpiecze\u0144stwa.<br \/>\n7. W przypadku wyst\u0105pienia u pracownika b\u0119d\u0105cego na stanowisku pracy niepokoj\u0105cych objaw\u00f3w infekcji dr\u00f3g oddechowych powinien on skontaktowa\u0107 si\u0119 telefonicznie z lekarzem podstawowej opieki zdrowotnej, aby uzyska\u0107 teleporad\u0119 medyczn\u0105).<br \/>\n8. Obszar, w kt\u00f3rym porusza\u0142 si\u0119 i przebywa\u0142 pracownik z infekcj\u0105 dr\u00f3g oddechowych, bezzw\u0142ocznie nale\u017cy podda\u0107 gruntownemu sprz\u0105taniu, zgodnie z funkcjonuj\u0105cymi w podmiocie procedurami oraz zdezynfekowa\u0107 powierzchnie dotykowe (klamki, por\u0119cze, uchwyty itp.) oraz zastosowa\u0107 si\u0119 do indywidualnych zalece\u0144 wydanych przez organy Pa\u0144stwowej Inspekcji Sanitarnej.<br \/>\n9. W przypadku potwierdzonego zaka\u017cenia SARS-CoV-2 na terenie szko\u0142y nale\u017cy stosowa\u0107 si\u0119 do zalece\u0144 pa\u0144stwowego powiatowego inspektora sanitarnego.<br \/>\n<strong>VI. PRACA SZKO\u0141Y W PODWY\u017bSZONYM RE\u017bIMIE SANITARNYM:<\/strong><strong><br \/>\n<\/strong>1. W okresie podwy\u017cszonego re\u017cimu sanitarnego (pandemii Covid-19) ustala si\u0119 prac\u0119 szko\u0142y:<br \/>\na) Sekretariat szko\u0142y czynny jest codziennie w godzinach 7.30 &#8211; 15.30 i przechodzi w tryb pracy mieszanej:<br \/>\n<strong>RODZICE<\/strong>: na miejscu w szkole \u2013 w godzinach 7.30 &#8211; 9.00 oraz 14.00 &#8211; 15.30.<br \/>\n\u2022 Wej\u015bcie g\u0142\u00f3wne do budynku (od ul. Grunwaldzkiej) zabezpieczone domofonem.<br \/>\n\u2022 Po wej\u015bciu do budynku nale\u017cy zg\u0142osi\u0107 si\u0119 do okienka dy\u017curki (przy sekretariacie)<br \/>\n\u2022 W pozosta\u0142ych godzinach prosimy o kontakt telefoniczny: 55 279 3444, przez e-dziennik lub e-mail: szostka@sp6.kwidzyn.pl .<br \/>\n<strong>UCZNIOWIE<\/strong>:<br \/>\n\u2022 Godz. 11.30 &#8211; 12.00 &#8211; klasy 1-3,<br \/>\n\u2022 Godz. 13.30 &#8211; 14.00 &#8211; klasy 4-8,<br \/>\n<strong>NAUCZYCIELE I PRACOWNICY:<\/strong> Godz. 7.30 &#8211; 9.00 oraz 12.00 &#8211; 13.30<br \/>\nb) Godziny przyj\u0119\u0107 interesant\u00f3w przez <strong>DYREKCJ\u0118 SZKO\u0141Y<\/strong>, po uprzednim uzgodnieniu telefonicznym w sekretariacie szko\u0142y:<br \/>\n\u2022 Dyrektor Lidia Nowacka \u2013 \u015broda<br \/>\n\u2022 Wicedyrektor Joanna Burandt- Oprawa &#8211; pi\u0105tek<br \/>\n\u2022 Wicedyrektor Miros\u0142awa Makul &#8211; poniedzia\u0142ek<br \/>\nc) <strong>\u015awietlica szkolna<\/strong> czynna jest codziennie od poniedzia\u0142ku do pi\u0105tku w godzinach 6.45 do 16.15, wed\u0142ug ustalonego grafiku i obejmuje:<br \/>\n\u2022 g\u0142\u00f3wnie uczni\u00f3w z klas 1-3, kt\u00f3rych obydwoje rodzice pracuj\u0105 i nie maj\u0105 mo\u017cliwo\u015bci zorganizowania innej opieki, np. nie mog\u0105 zapewni\u0107 swoim dzieciom opieki cz\u0142onka rodziny,<br \/>\n\u2022 grupy \u015bwietlicowe, dla kt\u00f3rych wyznacza sta\u0142e sale,<br \/>\n\u2022 sala nr 7 jest porann\u0105 \u015bwietlic\u0105<br \/>\n\u2022 rodzic\/opiekun odbiera ze szko\u0142y\/\u015bwietlicy swoje dziecko po uprzednim poinformowaniu wychowawcy\/ pracownika szko\u0142y oczekuj\u0105c przy wej\u015bciu:<br \/>\n&#8211; od ul. Sportowej, korzystaj\u0105c z dzwonka przy drzwiach,<br \/>\n&#8211; g\u0142\u00f3wnym od ul. Grunwaldzkiej.<br \/>\nd) <strong>Biblioteka szkolna<\/strong> czynna jest codziennie od poniedzia\u0142ku do pi\u0105tku w godzinach 8.00-15.00, wg ustalonego grafiku wypo\u017cycze\u0144 dla poszczeg\u00f3lnych poziom\u00f3w klasowych,<br \/>\n\u2022 zasady korzystania z biblioteki uwzgl\u0119dniaj\u0105 konieczny okres 2 dni kwarantanny dla ksi\u0105\u017cek i innych materia\u0142\u00f3w przechowywanych w bibliotekach,<br \/>\n\u2022 ucze\u0144 mo\u017ce z\u0142o\u017cy\u0107 zam\u00f3wienie\/ rezerwacj\u0119 ksi\u0105\u017cki do wypo\u017cyczenia online, przez e-dziennik,<br \/>\n\u2022 w zakresie wypo\u017cycze\u0144 i zwrot\u00f3w ksi\u0105\u017cek bibliotekarze wsp\u00f3\u0142pracuj\u0105 z wychowawcami klas.<br \/>\ne) <strong>Sto\u0142\u00f3wka szkolna<\/strong> czynna jest w godzinach 11.30 \u2013 14.30<br \/>\n\u2022 obiady wydawane s\u0105 wed\u0142ug ustalonego grafiku (zmianowe wydawanie posi\u0142k\u00f3w),<br \/>\n\u2022 posi\u0142ki spo\u017cywanie s\u0105 przy stolikach z r\u00f3wie\u015bnikami z danej klasy,<br \/>\n\u2022 po ka\u017cdej grupie, po zmianowym wydawaniu posi\u0142k\u00f3w, odbywa si\u0119 czyszczenie blat\u00f3w sto\u0142\u00f3w i por\u0119czy krzese\u0142,<br \/>\n\u2022 dopuszcza si\u0119 spo\u017cywanie posi\u0142k\u00f3w przez dzieci w salach (drugie \u015bniadanie).<br \/>\nf) <strong>Gabinety dla nauczycieli<\/strong> \u2013 stosowanie zasady dystansu spo\u0142ecznego<br \/>\n\u2022 korzystaj\u0105 z sali nr 7, 21, 24a, 016, 60, pok\u00f3j nauczycieli w-f,<br \/>\n\u2022 w czasie przerw (je\u015bli nie maj\u0105 dy\u017cur\u00f3w) mog\u0105 przebywa\u0107 w swoich salach.<br \/>\ng) <strong>Izolatorium<\/strong><br \/>\n\u2022 wyznacza si\u0119 na miejsce izolacji os\u00f3b w sytuacji wyst\u0105pienia gor\u0105czki u ucznia lub pracownika szko\u0142y sal\u0119 nr 021.<br \/>\n<strong>2. Kontakty z rodzicami<\/strong><br \/>\na) Zebrania i konsultacje z rodzicami odbywaj\u0105 si\u0119 on-line, w spos\u00f3b zdalny, z wykorzystaniem technik komunikacji na odleg\u0142o\u015b\u0107, platformy Teams.<br \/>\nb) za zgod\u0105 dyrekcji szko\u0142y dopuszcza si\u0119, by pierwsze zebranie z rodzicami mog\u0142o odby\u0107 si\u0119 na terenie szko\u0142y, z zachowaniem dystansu spo\u0142ecznego, po ustaleniu warunk\u00f3w z nauczycielem i zastosowaniu obowi\u0105zuj\u0105cych procedur i \u015brodk\u00f3w ostro\u017cno\u015bci,<br \/>\nc) rodzice s\u0105 zobowi\u0105zani do podania aktualnego numeru telefonu i odbierania telefon\u00f3w od pracownika szko\u0142y, odbierania wiadomo\u015bci przesy\u0142anych przez e-dziennik Librus<br \/>\n<strong>3. Osoby z zewn\u0105trz<\/strong> &#8211; ogranicza si\u0119 przebywanie w szkole do niezb\u0119dnego minimum<br \/>\na) tylko osoby bez objaw\u00f3w chorobowych sugeruj\u0105cych infekcj\u0119 dr\u00f3g oddechowych,<br \/>\nb) obowi\u0105zuje je stosowanie \u015brodk\u00f3w ochronnych: os\u0142ona ust i nosa, r\u0119kawiczki jednorazowe lub dezynfekcja r\u0105k,<br \/>\nc) wchodz\u0105 do budynku szko\u0142y wej\u015bciem g\u0142\u00f3wnym i zg\u0142aszaj\u0105 dy\u017curnemu pracownikowi,<br \/>\nd) przemieszczaj\u0105 si\u0119 w wyznaczonych obszarach (obowi\u0105zuje zakaz swobodnego przemieszczania si\u0119 rodzic\u00f3w i os\u00f3b postronnych po szkole).<br \/>\n<strong>4. Wej\u015bcia do szko\u0142y i wyj\u015bcia<\/strong> poszczeg\u00f3lnych klas (grup) na teren przyleg\u0142y do szko\u0142y organizowane s\u0105 tak, by dzieci nie miesza\u0142y si\u0119 ze sob\u0105. Ustala si\u0119 oddzielne wej\u015bcia:<br \/>\na) dla uczni\u00f3w klas 1, 2 i 3 b &#8211; we\u015bcie od ul. Sportowej,<br \/>\nb) dla os\u00f3b niepe\u0142nosprawnych, nauczycieli i pracownik\u00f3w szko\u0142y &#8211; wej\u015bcie od parkingu (ul. Moniuszki)<br \/>\nc) dla klas 3 i 4 \u2013 wej\u015bcie o ma\u0142ego dziedzi\u0144ca (przy placu zabaw),<br \/>\nd) dla klas 5 i 6 &#8211; wej\u015bcie z tarasu (lewe),<br \/>\ne) dla klas 7 i 8 &#8211; wej\u015bcia z tarasu (prawe, ko\u0142o windy),<br \/>\nf) osoby postronne i rodzice wchodz\u0105 w wa\u017cnych sprawach wej\u015bciem g\u0142\u00f3wnym od ul. Grunwaldzkiej,<br \/>\ng) dzieci ucz\u0119szczaj\u0105ce rano do \u015bwietlicy wchodz\u0105 do szko\u0142y wej\u015bciem z tarasu ko\u0142o windy,<br \/>\nh) rodzice nie wchodz\u0105 z dzieckiem do budynku szko\u0142y,<br \/>\ni) rodzic\/opiekun prawny dziecka z klas 1 oddaje dziecko pod opiek\u0119 wyznaczonemu pracownikowi szko\u0142y przed wej\u015bciem do budynku,<br \/>\nj) rodzic\/prawny opiekun dziecka niepe\u0142nosprawnego, kt\u00f3re wymaga dodatkowej opieki mo\u017ce wej\u015b\u0107 z dzieckiem do szko\u0142y, zachowuj\u0105c dyscyplin\u0119 sanitarn\u0105 ; przekazuje dziecko pod opiek\u0119 wyznaczonemu nauczycielowi,<br \/>\nk) rodzice i opiekunowie prawni przyprowadzaj\u0105cy i odbieraj\u0105cy dzieci s\u0105 zobowi\u0105zani do zachowania dystansu spo\u0142ecznego co najmniej 1,5 m w odniesieniu do pracownik\u00f3w szko\u0142y i innych dzieci oraz ich rodzic\u00f3w,<br \/>\nl) prowadzone jest mierzenie temperatury osobom wchodz\u0105cym na teren szko\u0142y i dezynfekcja r\u0105k,<br \/>\nm) Je\u017celi dziecko wykazuje oznaki osoby chorej i pomiar temperatury b\u0119dzie podwy\u017cszony (powy\u017cej 37,9 st.), nie zostanie w tym dniu przyj\u0119te do szko\u0142y,<br \/>\nn) Uczniowie mog\u0105 by\u0107 przyprowadzani do szko\u0142y i z niej odbierani przez opiekun\u00f3w bez objaw\u00f3w chorobowych sugeruj\u0105cych infekcj\u0119 dr\u00f3g oddechowych. W drodze do i ze szko\u0142y opiekunowie z dzie\u0107mi oraz uczniowie przestrzegaj\u0105 aktualnych przepis\u00f3w prawa dotycz\u0105cych zachowania w przestrzeni publicznej.<br \/>\n<strong>5. Na terenie szko\u0142y ustala si\u0119<\/strong>:<br \/>\na) w salach przy drzwiach lub na biurku nauczyciela znajduj\u0105 si\u0119 opisane pojemniki ze \u015brodkiem dezynfekuj\u0105cym do r\u0105k,<br \/>\nb) przerwy uczniowie sp\u0119dzaj\u0105 na \u015bwie\u017cym powietrzu na terenie przyszkolnym, w wyznaczonych strefach, pod opiek\u0105 nauczycieli dy\u017curnych, a w przypadku deszczu pozostaj\u0105 w sali, w kt\u00f3rej odbywaj\u0105 si\u0119 zaj\u0119cia,<br \/>\nc) przerwy dla uczni\u00f3w klas 1-3 organizuje wychowawca tak, by nie stykali si\u0119 ze starszymi klasami,<br \/>\nd) wszystkie zaj\u0119cia uczni\u00f3w klas 1-3 odbywaj\u0105 si\u0119 w jednej sali, bez przemieszczania,<br \/>\ne) uczniowie klas 1-3 pozostawiaj\u0105 w klasie wszystkie swoje przybory i okrycia,<br \/>\nf) zaj\u0119cia uczni\u00f3w klas 4-8 odbywaj\u0105 si\u0119 w sali, za kt\u00f3r\u0105 odpowiada wychowawca klasy,<br \/>\ng) zezwala si\u0119 na realizacj\u0119 zaj\u0119\u0107 w plenerze, przy zachowaniu dystansu spo\u0142ecznego 1,5 m;<br \/>\nh) zaj\u0119cia w-f, je\u015bli pozwoli na to pogoda, b\u0119d\u0105 odbywa\u0142y si\u0119 na \u015bwie\u017cym powietrzu \u2013 na terenie szko\u0142y oraz stadionu,<br \/>\ni) lekcje informatyki mog\u0105 odbywa\u0107 si\u0119 z wykorzystaniem mobilnej pracowni.<br \/>\n6. W kwestii zapewnienia <strong>bezpiecze\u0144stwa zdrowotnego<\/strong> ustala si\u0119:<br \/>\na) cz\u0119ste mycie r\u0105k (po przyj\u015bciu do szko\u0142y nale\u017cy bezzw\u0142ocznie umy\u0107 r\u0119ce), ochrona podczas kichania i kaszlu oraz unikanie dotykania oczu, nosa i ust,<br \/>\nb) obowi\u0105zkowe wietrzenie sal po ka\u017cdej lekcji,<br \/>\nc) w czasie przerwy w budynku szko\u0142y nale\u017cy nosi\u0107 maseczk\u0119 lub przy\u0142bic\u0119; nie ma obowi\u0105zku zak\u0142adania maseczek na lekcjach i poza budynkiem szko\u0142y,<br \/>\nd) uczniowie nie przynosz\u0105 zabawek i zb\u0119dnych przedmiot\u00f3w do szko\u0142y; korzystaj\u0105 z w\u0142asnych przybor\u00f3w; ograniczenie to nie dotyczy dzieci ze specjalnymi potrzebami edukacyjnymi, w szczeg\u00f3lno\u015bci z niepe\u0142nosprawno\u015bciami. W takich przypadkach nale\u017cy dopilnowa\u0107, aby dzieci nie udost\u0119pnia\u0142y swoich zabawek innym, natomiast opiekunowie dziecka powinni zadba\u0107 o regularne czyszczenie (pranie lub dezynfekcj\u0119) zabawki, rzeczy,<br \/>\ne) ucze\u0144 posiada w\u0142asne przybory i podr\u0119czniki, kt\u00f3re w czasie zaj\u0119\u0107 mog\u0105 znajdowa\u0107 si\u0119 na stoliku szkolnym ucznia, w tornistrze lub we w\u0142asnej szafce, je\u017celi szko\u0142a posiada szafki. Uczniowie nie powinni wymienia\u0107 si\u0119 przyborami szkolnymi mi\u0119dzy sob\u0105,<br \/>\nf) w sali gimnastycznej u\u017cywany sprz\u0119t sportowy oraz pod\u0142oga powinny zosta\u0107 umyte detergentem lub zdezynfekowane po ka\u017cdym dniu zaj\u0119\u0107, a w miar\u0119 mo\u017cliwo\u015bci po ka\u017cdych zaj\u0119ciach,<br \/>\ng) w salach nie umieszcza si\u0119 przedmiot\u00f3w, kt\u00f3rych nie mo\u017cna skutecznie upra\u0107 lub podda\u0107 dezynfekcji,<br \/>\nh) zawiesza si\u0119 obowi\u0105zek zmiany obuwia,<br \/>\ni) uczniowie klas 3-8 otrzymuj\u0105 kluczyki do indywidualnych szafek, a korzystaj\u0105c z szafek dbaj\u0105 o ich czysto\u015b\u0107; szafki podlegaj\u0105 dezynfekcji.<br \/>\n7. Uczniowie z chorobami przewlek\u0142ymi, wsp\u00f3\u0142istniej\u0105cymi, szczeg\u00f3lnie nara\u017ceni na ci\u0119\u017cki przebieg zaka\u017cenia (astma, cukrzyca, niedobory immunologiczne, itp.), na wniosek rodzica:<br \/>\na) mog\u0105 zrezygnowa\u0107 z konieczno\u015b\u0107 noszenia maseczki na korytarzu szko\u0142y, po przedstawieniu za\u015bwiadczenia lekarskiego,<br \/>\nb) w czasie przerwy mog\u0105 nie wychodzi\u0107 z budynku szko\u0142y i pozosta\u0107 w klasie lub na korytarzu,<br \/>\nc) w czasie lekcji mog\u0105 zajmowa\u0107 osobne \u0142awki.<br \/>\n8. Uczniowie, kt\u00f3rzy b\u0119d\u0105 na kwarantannie np. z powodu choroby, kontaktu kogo\u015b z rodziny z osob\u0105 chor\u0105, choroby w rodzinie, b\u0119d\u0105 nauczani zdalnie, w spos\u00f3b przyj\u0119ty przez nauczyciela.<br \/>\n<strong>VII. POSTANOWIENIA KO\u0143COWE<\/strong><strong><br \/>\n<\/strong>1. Procedury bezpiecze\u0144stwa wchodz\u0105 w \u017cycie z dniem podpisania przez dyrektora.<br \/>\n2. Procedury obowi\u0105zuj\u0105 do czasu ich odwo\u0142ania.<\/li>\n<\/ol>\n","protected":false},"excerpt":{"rendered":"<p>Terminarz organizacji roku szkolnego Terminy Rozpocz\u0119cie roku szkolnego:\u00a01 wrze\u015bnia 2020 r. Zimowa przerwa \u015bwi\u0105teczna:\u00a023 \u2013 31 grudnia 2020 r. potrwa\u00a012 [&hellip;]<\/p>\n","protected":false},"author":1,"featured_media":6079,"comment_status":"closed","ping_status":"closed","sticky":false,"template":"","format":"standard","meta":{"footnotes":""},"categories":[1],"tags":[],"class_list":["post-6077","post","type-post","status-publish","format-standard","has-post-thumbnail","hentry","category-bez-kategorii","has_thumb"],"aioseo_notices":[],"_links":{"self":[{"href":"https:\/\/sp6kwidzyn.pl\/index.php?rest_route=\/wp\/v2\/posts\/6077","targetHints":{"allow":["GET"]}}],"collection":[{"href":"https:\/\/sp6kwidzyn.pl\/index.php?rest_route=\/wp\/v2\/posts"}],"about":[{"href":"https:\/\/sp6kwidzyn.pl\/index.php?rest_route=\/wp\/v2\/types\/post"}],"author":[{"embeddable":true,"href":"https:\/\/sp6kwidzyn.pl\/index.php?rest_route=\/wp\/v2\/users\/1"}],"replies":[{"embeddable":true,"href":"https:\/\/sp6kwidzyn.pl\/index.php?rest_route=%2Fwp%2Fv2%2Fcomments&post=6077"}],"version-history":[{"count":1,"href":"https:\/\/sp6kwidzyn.pl\/index.php?rest_route=\/wp\/v2\/posts\/6077\/revisions"}],"predecessor-version":[{"id":6078,"href":"https:\/\/sp6kwidzyn.pl\/index.php?rest_route=\/wp\/v2\/posts\/6077\/revisions\/6078"}],"wp:featuredmedia":[{"embeddable":true,"href":"https:\/\/sp6kwidzyn.pl\/index.php?rest_route=\/wp\/v2\/media\/6079"}],"wp:attachment":[{"href":"https:\/\/sp6kwidzyn.pl\/index.php?rest_route=%2Fwp%2Fv2%2Fmedia&parent=6077"}],"wp:term":[{"taxonomy":"category","embeddable":true,"href":"https:\/\/sp6kwidzyn.pl\/index.php?rest_route=%2Fwp%2Fv2%2Fcategories&post=6077"},{"taxonomy":"post_tag","embeddable":true,"href":"https:\/\/sp6kwidzyn.pl\/index.php?rest_route=%2Fwp%2Fv2%2Ftags&post=6077"}],"curies":[{"name":"wp","href":"https:\/\/api.w.org\/{rel}","templated":true}]}}