{"id":2986,"date":"2020-02-19T13:28:52","date_gmt":"2020-02-19T12:28:52","guid":{"rendered":"https:\/\/sp6kwidzyn.pl\/?p=2986"},"modified":"2020-02-19T13:30:00","modified_gmt":"2020-02-19T12:30:00","slug":"komunikat-do-dyrektorow-nauczycieli-uczniow-i-rodzicow","status":"publish","type":"post","link":"https:\/\/sp6kwidzyn.pl\/?p=2986","title":{"rendered":"Komunikat do dyrektor\u00f3w, nauczycieli, uczni\u00f3w i\u00a0rodzic\u00f3w"},"content":{"rendered":"<div class=\"entry\">\n<div class=\"entry-inner\">\n<p><img loading=\"lazy\" decoding=\"async\" class=\"alignnone size-medium wp-image-2987\" style=\"display: none !important;\" hidden=\"\" src=\"https:\/\/sp6kwidzyn.pl\/wp-content\/uploads\/2020\/02\/ulotkasanepid-120x300.png\" alt=\"\" width=\"120\" height=\"300\" srcset=\"https:\/\/sp6kwidzyn.pl\/wp-content\/uploads\/2020\/02\/ulotkasanepid-120x300.png 120w, https:\/\/sp6kwidzyn.pl\/wp-content\/uploads\/2020\/02\/ulotkasanepid.png 368w\" sizes=\"auto, (max-width: 120px) 100vw, 120px\" \/><img loading=\"lazy\" decoding=\"async\" class=\"size-medium wp-image-2989 alignleft\" src=\"https:\/\/sp6kwidzyn.pl\/wp-content\/uploads\/2020\/02\/coronavirus-4817439_1920-300x200.jpg\" alt=\"\" width=\"300\" height=\"200\" srcset=\"https:\/\/sp6kwidzyn.pl\/wp-content\/uploads\/2020\/02\/coronavirus-4817439_1920-300x200.jpg 300w, https:\/\/sp6kwidzyn.pl\/wp-content\/uploads\/2020\/02\/coronavirus-4817439_1920-1024x683.jpg 1024w, https:\/\/sp6kwidzyn.pl\/wp-content\/uploads\/2020\/02\/coronavirus-4817439_1920-768x512.jpg 768w, https:\/\/sp6kwidzyn.pl\/wp-content\/uploads\/2020\/02\/coronavirus-4817439_1920-1536x1024.jpg 1536w, https:\/\/sp6kwidzyn.pl\/wp-content\/uploads\/2020\/02\/coronavirus-4817439_1920-480x320.jpg 480w, https:\/\/sp6kwidzyn.pl\/wp-content\/uploads\/2020\/02\/coronavirus-4817439_1920.jpg 1920w\" sizes=\"auto, (max-width: 300px) 100vw, 300px\" \/>Szanowni Pa\u0144stwo,<\/p>\n<p>przekazuj\u0119 Pa\u0144stwu ulotk\u0119 do wykorzystania w dzia\u0142aniach z zakresu promocji zdrowia i profilaktyki, na przyk\u0142ad poprzez wywieszenie jej na terenie szko\u0142y w\u00a0miejscach najcz\u0119\u015bciej ucz\u0119szczanych, na\u00a0drzwiach wej\u015bciowych, na zaj\u0119ciach z\u00a0uczniami.<\/p>\n<p>Ulotka zosta\u0142a opracowana przez Fundacj\u0119 <strong>AIDRATUNEK<\/strong>, z\u00a0kt\u00f3r\u0105 <strong>Pomorski Kurator<\/strong> nawi\u0105za\u0142 wsp\u00f3\u0142prac\u0119 w zakresie promocji zdrowia i\u00a0profilaktyki i\u00a0posiada pozytywn\u0105 opini\u0119 <strong>Wojew\u00f3dzkiej Stacji Sanitarno-Epidemiologicznej w\u00a0Gda\u0144sku<\/strong>.<\/p>\n<p><img loading=\"lazy\" decoding=\"async\" class=\"alignnone size-medium wp-image-2987\" style=\"display: none !important;\" hidden=\"\" src=\"https:\/\/sp6kwidzyn.pl\/wp-content\/uploads\/2020\/02\/ulotkasanepid-120x300.png\" alt=\"\" width=\"120\" height=\"300\" srcset=\"https:\/\/sp6kwidzyn.pl\/wp-content\/uploads\/2020\/02\/ulotkasanepid-120x300.png 120w, https:\/\/sp6kwidzyn.pl\/wp-content\/uploads\/2020\/02\/ulotkasanepid.png 368w\" sizes=\"auto, (max-width: 120px) 100vw, 120px\" \/><\/p>\n<\/div>\n<p style=\"text-align: center;\"><a href=\"https:\/\/sp6kwidzyn.pl\/wp-content\/uploads\/2020\/02\/ulotka-coronavirus-fundacja-aid-ratunek_-wlasciwa.pdf\">Pobierz ulotk\u0119.<\/a><\/p>\n<div class=\"entry-inner\">\n<p style=\"text-align: right;\"><strong>Pomorski Kurator O\u015bwiaty<\/strong><br \/>\n<strong>Ma\u0142gorzata Bielang<\/strong><\/p>\n<\/div>\n<\/div>\n","protected":false},"excerpt":{"rendered":"<p>Szanowni Pa\u0144stwo, przekazuj\u0119 Pa\u0144stwu ulotk\u0119 do wykorzystania w dzia\u0142aniach z zakresu promocji zdrowia i profilaktyki, na przyk\u0142ad poprzez wywieszenie jej [&hellip;]<\/p>\n","protected":false},"author":1,"featured_media":2989,"comment_status":"closed","ping_status":"closed","sticky":false,"template":"","format":"standard","meta":{"footnotes":""},"categories":[1],"tags":[],"class_list":["post-2986","post","type-post","status-publish","format-standard","has-post-thumbnail","hentry","category-bez-kategorii","has_thumb"],"aioseo_notices":[],"aioseo_head":"\n\t\t<!-- All in One SEO 5.0.1.1 - aioseo.com -->\n\t<meta name=\"robots\" content=\"max-image-preview:large\" \/>\n\t<meta name=\"author\" content=\"admin\"\/>\n\t<link rel=\"canonical\" href=\"https:\/\/sp6kwidzyn.pl\/?p=2986\" \/>\n\t<meta name=\"generator\" content=\"All in One SEO (AIOSEO) 5.0.1.1\" \/>\n\t\t<script type=\"application\/ld+json\" class=\"aioseo-schema\">\n\t\t\t{\"@context\":\"https:\\\/\\\/schema.org\",\"@graph\":[{\"@type\":\"Article\",\"@id\":\"https:\\\/\\\/sp6kwidzyn.pl\\\/?p=2986#article\",\"name\":\"Komunikat do dyrektor\\u00f3w, nauczycieli, uczni\\u00f3w i rodzic\\u00f3w | Szko\\u0142a Podstawowa nr 6 im. W\\u0142adys\\u0142awa G\\u0119bika w Kwidzynie\",\"headline\":\"Komunikat do dyrektor\\u00f3w, nauczycieli, uczni\\u00f3w i\\u00a0rodzic\\u00f3w\",\"author\":{\"@id\":\"https:\\\/\\\/sp6kwidzyn.pl\\\/?author=1#author\"},\"publisher\":{\"@id\":\"https:\\\/\\\/sp6kwidzyn.pl\\\/#organization\"},\"image\":{\"@type\":\"ImageObject\",\"url\":\"https:\\\/\\\/sp6kwidzyn.pl\\\/wp-content\\\/uploads\\\/2020\\\/02\\\/coronavirus-4817439_1920.jpg\",\"width\":1920,\"height\":1280},\"datePublished\":\"2020-02-19T13:28:52+01:00\",\"dateModified\":\"2020-02-19T13:30:00+01:00\",\"inLanguage\":\"pl-PL\",\"mainEntityOfPage\":{\"@id\":\"https:\\\/\\\/sp6kwidzyn.pl\\\/?p=2986#webpage\"},\"isPartOf\":{\"@id\":\"https:\\\/\\\/sp6kwidzyn.pl\\\/?p=2986#webpage\"},\"articleSection\":\"Bez kategorii\"},{\"@type\":\"BreadcrumbList\",\"@id\":\"https:\\\/\\\/sp6kwidzyn.pl\\\/?p=2986#breadcrumblist\",\"itemListElement\":[{\"@type\":\"ListItem\",\"@id\":\"https:\\\/\\\/sp6kwidzyn.pl#listItem\",\"position\":1,\"name\":\"Home\",\"item\":\"https:\\\/\\\/sp6kwidzyn.pl\",\"nextItem\":{\"@type\":\"ListItem\",\"@id\":\"https:\\\/\\\/sp6kwidzyn.pl\\\/?cat=1#listItem\",\"name\":\"Bez kategorii\"}},{\"@type\":\"ListItem\",\"@id\":\"https:\\\/\\\/sp6kwidzyn.pl\\\/?cat=1#listItem\",\"position\":2,\"name\":\"Bez kategorii\",\"item\":\"https:\\\/\\\/sp6kwidzyn.pl\\\/?cat=1\",\"nextItem\":{\"@type\":\"ListItem\",\"@id\":\"https:\\\/\\\/sp6kwidzyn.pl\\\/?p=2986#listItem\",\"name\":\"Komunikat do dyrektor\\u00f3w, nauczycieli, uczni\\u00f3w i\\u00a0rodzic\\u00f3w\"},\"previousItem\":{\"@type\":\"ListItem\",\"@id\":\"https:\\\/\\\/sp6kwidzyn.pl#listItem\",\"name\":\"Home\"}},{\"@type\":\"ListItem\",\"@id\":\"https:\\\/\\\/sp6kwidzyn.pl\\\/?p=2986#listItem\",\"position\":3,\"name\":\"Komunikat do dyrektor\\u00f3w, nauczycieli, uczni\\u00f3w i\\u00a0rodzic\\u00f3w\",\"previousItem\":{\"@type\":\"ListItem\",\"@id\":\"https:\\\/\\\/sp6kwidzyn.pl\\\/?cat=1#listItem\",\"name\":\"Bez kategorii\"}}]},{\"@type\":\"Organization\",\"@id\":\"https:\\\/\\\/sp6kwidzyn.pl\\\/#organization\",\"name\":\"Szko\\u0142a Podstawowa nr 6 w Kwidzynie im. dra W\\u0142adys\\u0142awa G\\u0119bika z Oddzia\\u0142ami Integracyjnymi\",\"description\":\"Wtryna SP6 w Kwidzynie\",\"url\":\"https:\\\/\\\/sp6kwidzyn.pl\\\/\",\"telephone\":\"+48552793444\"},{\"@type\":\"Person\",\"@id\":\"https:\\\/\\\/sp6kwidzyn.pl\\\/?author=1#author\",\"url\":\"https:\\\/\\\/sp6kwidzyn.pl\\\/?author=1\",\"name\":\"admin\"},{\"@type\":\"WebPage\",\"@id\":\"https:\\\/\\\/sp6kwidzyn.pl\\\/?p=2986#webpage\",\"url\":\"https:\\\/\\\/sp6kwidzyn.pl\\\/?p=2986\",\"name\":\"Komunikat do dyrektor\\u00f3w, nauczycieli, uczni\\u00f3w i rodzic\\u00f3w | Szko\\u0142a Podstawowa nr 6 im. W\\u0142adys\\u0142awa G\\u0119bika w Kwidzynie\",\"inLanguage\":\"pl-PL\",\"isPartOf\":{\"@id\":\"https:\\\/\\\/sp6kwidzyn.pl\\\/#website\"},\"breadcrumb\":{\"@id\":\"https:\\\/\\\/sp6kwidzyn.pl\\\/?p=2986#breadcrumblist\"},\"author\":{\"@id\":\"https:\\\/\\\/sp6kwidzyn.pl\\\/?author=1#author\"},\"creator\":{\"@id\":\"https:\\\/\\\/sp6kwidzyn.pl\\\/?author=1#author\"},\"image\":{\"@type\":\"ImageObject\",\"url\":\"https:\\\/\\\/sp6kwidzyn.pl\\\/wp-content\\\/uploads\\\/2020\\\/02\\\/coronavirus-4817439_1920.jpg\",\"@id\":\"https:\\\/\\\/sp6kwidzyn.pl\\\/?p=2986\\\/#mainImage\",\"width\":1920,\"height\":1280},\"primaryImageOfPage\":{\"@id\":\"https:\\\/\\\/sp6kwidzyn.pl\\\/?p=2986#mainImage\"},\"datePublished\":\"2020-02-19T13:28:52+01:00\",\"dateModified\":\"2020-02-19T13:30:00+01:00\"},{\"@type\":\"WebSite\",\"@id\":\"https:\\\/\\\/sp6kwidzyn.pl\\\/#website\",\"url\":\"https:\\\/\\\/sp6kwidzyn.pl\\\/\",\"name\":\"Szko\\u0142a Podstawowa nr 6 im. W\\u0142adys\\u0142awa G\\u0119bika w Kwidzynie\",\"description\":\"Wtryna SP6 w Kwidzynie\",\"inLanguage\":\"pl-PL\",\"publisher\":{\"@id\":\"https:\\\/\\\/sp6kwidzyn.pl\\\/#organization\"}}]}\n\t\t<\/script>\n\t\t<!-- All in One SEO -->\n\n","aioseo_head_json":{"title":"Komunikat do dyrektor\u00f3w, nauczycieli, uczni\u00f3w i rodzic\u00f3w | Szko\u0142a Podstawowa nr 6 im. W\u0142adys\u0142awa G\u0119bika w Kwidzynie","description":"","canonical_url":"https:\/\/sp6kwidzyn.pl\/?p=2986","robots":"max-image-preview:large","keywords":"","webmasterTools":{"miscellaneous":""},"schema":{"@context":"https:\/\/schema.org","@graph":[{"@type":"Article","@id":"https:\/\/sp6kwidzyn.pl\/?p=2986#article","name":"Komunikat do dyrektor\u00f3w, nauczycieli, uczni\u00f3w i rodzic\u00f3w | Szko\u0142a Podstawowa nr 6 im. W\u0142adys\u0142awa G\u0119bika w Kwidzynie","headline":"Komunikat do dyrektor\u00f3w, nauczycieli, uczni\u00f3w i\u00a0rodzic\u00f3w","author":{"@id":"https:\/\/sp6kwidzyn.pl\/?author=1#author"},"publisher":{"@id":"https:\/\/sp6kwidzyn.pl\/#organization"},"image":{"@type":"ImageObject","url":"https:\/\/sp6kwidzyn.pl\/wp-content\/uploads\/2020\/02\/coronavirus-4817439_1920.jpg","width":1920,"height":1280},"datePublished":"2020-02-19T13:28:52+01:00","dateModified":"2020-02-19T13:30:00+01:00","inLanguage":"pl-PL","mainEntityOfPage":{"@id":"https:\/\/sp6kwidzyn.pl\/?p=2986#webpage"},"isPartOf":{"@id":"https:\/\/sp6kwidzyn.pl\/?p=2986#webpage"},"articleSection":"Bez kategorii"},{"@type":"BreadcrumbList","@id":"https:\/\/sp6kwidzyn.pl\/?p=2986#breadcrumblist","itemListElement":[{"@type":"ListItem","@id":"https:\/\/sp6kwidzyn.pl#listItem","position":1,"name":"Home","item":"https:\/\/sp6kwidzyn.pl","nextItem":{"@type":"ListItem","@id":"https:\/\/sp6kwidzyn.pl\/?cat=1#listItem","name":"Bez kategorii"}},{"@type":"ListItem","@id":"https:\/\/sp6kwidzyn.pl\/?cat=1#listItem","position":2,"name":"Bez kategorii","item":"https:\/\/sp6kwidzyn.pl\/?cat=1","nextItem":{"@type":"ListItem","@id":"https:\/\/sp6kwidzyn.pl\/?p=2986#listItem","name":"Komunikat do dyrektor\u00f3w, nauczycieli, uczni\u00f3w i\u00a0rodzic\u00f3w"},"previousItem":{"@type":"ListItem","@id":"https:\/\/sp6kwidzyn.pl#listItem","name":"Home"}},{"@type":"ListItem","@id":"https:\/\/sp6kwidzyn.pl\/?p=2986#listItem","position":3,"name":"Komunikat do dyrektor\u00f3w, nauczycieli, uczni\u00f3w i\u00a0rodzic\u00f3w","previousItem":{"@type":"ListItem","@id":"https:\/\/sp6kwidzyn.pl\/?cat=1#listItem","name":"Bez kategorii"}}]},{"@type":"Organization","@id":"https:\/\/sp6kwidzyn.pl\/#organization","name":"Szko\u0142a Podstawowa nr 6 w Kwidzynie im. dra W\u0142adys\u0142awa G\u0119bika z Oddzia\u0142ami Integracyjnymi","description":"Wtryna SP6 w Kwidzynie","url":"https:\/\/sp6kwidzyn.pl\/","telephone":"+48552793444"},{"@type":"Person","@id":"https:\/\/sp6kwidzyn.pl\/?author=1#author","url":"https:\/\/sp6kwidzyn.pl\/?author=1","name":"admin"},{"@type":"WebPage","@id":"https:\/\/sp6kwidzyn.pl\/?p=2986#webpage","url":"https:\/\/sp6kwidzyn.pl\/?p=2986","name":"Komunikat do dyrektor\u00f3w, nauczycieli, uczni\u00f3w i rodzic\u00f3w | Szko\u0142a Podstawowa nr 6 im. W\u0142adys\u0142awa G\u0119bika w Kwidzynie","inLanguage":"pl-PL","isPartOf":{"@id":"https:\/\/sp6kwidzyn.pl\/#website"},"breadcrumb":{"@id":"https:\/\/sp6kwidzyn.pl\/?p=2986#breadcrumblist"},"author":{"@id":"https:\/\/sp6kwidzyn.pl\/?author=1#author"},"creator":{"@id":"https:\/\/sp6kwidzyn.pl\/?author=1#author"},"image":{"@type":"ImageObject","url":"https:\/\/sp6kwidzyn.pl\/wp-content\/uploads\/2020\/02\/coronavirus-4817439_1920.jpg","@id":"https:\/\/sp6kwidzyn.pl\/?p=2986\/#mainImage","width":1920,"height":1280},"primaryImageOfPage":{"@id":"https:\/\/sp6kwidzyn.pl\/?p=2986#mainImage"},"datePublished":"2020-02-19T13:28:52+01:00","dateModified":"2020-02-19T13:30:00+01:00"},{"@type":"WebSite","@id":"https:\/\/sp6kwidzyn.pl\/#website","url":"https:\/\/sp6kwidzyn.pl\/","name":"Szko\u0142a Podstawowa nr 6 im. W\u0142adys\u0142awa G\u0119bika w Kwidzynie","description":"Wtryna SP6 w Kwidzynie","inLanguage":"pl-PL","publisher":{"@id":"https:\/\/sp6kwidzyn.pl\/#organization"}}]}},"aioseo_meta_data":{"post_id":"2986","title":null,"description":null,"keywords":null,"keyphrases":null,"primary_term":null,"canonical_url":null,"og_title":null,"og_description":null,"og_object_type":"default","og_image_type":"default","og_image_url":null,"og_image_width":null,"og_image_height":null,"og_image_custom_url":null,"og_image_custom_fields":null,"og_video":null,"og_custom_url":null,"og_article_section":null,"og_article_tags":null,"twitter_use_og":false,"twitter_card":"default","twitter_image_type":"default","twitter_image_url":null,"twitter_image_custom_url":null,"twitter_image_custom_fields":null,"twitter_title":null,"twitter_description":null,"schema":{"blockGraphs":[],"customGraphs":[],"default":{"data":{"Article":[],"Course":[],"Dataset":[],"FAQPage":[],"Movie":[],"Person":[],"Product":[],"ProductReview":[],"Car":[],"Recipe":[],"Service":[],"SoftwareApplication":[],"WebPage":[]},"graphName":"","isEnabled":true},"graphs":[]},"schema_type":null,"schema_type_options":null,"pillar_content":false,"robots_default":true,"robots_noindex":false,"robots_noarchive":false,"robots_nosnippet":false,"robots_nofollow":false,"robots_noimageindex":false,"robots_noodp":false,"robots_notranslate":false,"robots_max_snippet":null,"robots_max_videopreview":null,"robots_max_imagepreview":"large","priority":null,"frequency":null,"local_seo":null,"breadcrumb_settings":null,"limit_modified_date":false,"ai":null,"created":"2020-12-21 01:26:43","updated":"2022-09-14 02:08:03","seo_analyzer_scan_date":null,"focus_keyword":null,"additional_keywords":null,"truseo_locale":null},"_links":{"self":[{"href":"https:\/\/sp6kwidzyn.pl\/index.php?rest_route=\/wp\/v2\/posts\/2986","targetHints":{"allow":["GET"]}}],"collection":[{"href":"https:\/\/sp6kwidzyn.pl\/index.php?rest_route=\/wp\/v2\/posts"}],"about":[{"href":"https:\/\/sp6kwidzyn.pl\/index.php?rest_route=\/wp\/v2\/types\/post"}],"author":[{"embeddable":true,"href":"https:\/\/sp6kwidzyn.pl\/index.php?rest_route=\/wp\/v2\/users\/1"}],"replies":[{"embeddable":true,"href":"https:\/\/sp6kwidzyn.pl\/index.php?rest_route=%2Fwp%2Fv2%2Fcomments&post=2986"}],"version-history":[{"count":1,"href":"https:\/\/sp6kwidzyn.pl\/index.php?rest_route=\/wp\/v2\/posts\/2986\/revisions"}],"predecessor-version":[{"id":2990,"href":"https:\/\/sp6kwidzyn.pl\/index.php?rest_route=\/wp\/v2\/posts\/2986\/revisions\/2990"}],"wp:featuredmedia":[{"embeddable":true,"href":"https:\/\/sp6kwidzyn.pl\/index.php?rest_route=\/wp\/v2\/media\/2989"}],"wp:attachment":[{"href":"https:\/\/sp6kwidzyn.pl\/index.php?rest_route=%2Fwp%2Fv2%2Fmedia&parent=2986"}],"wp:term":[{"taxonomy":"category","embeddable":true,"href":"https:\/\/sp6kwidzyn.pl\/index.php?rest_route=%2Fwp%2Fv2%2Fcategories&post=2986"},{"taxonomy":"post_tag","embeddable":true,"href":"https:\/\/sp6kwidzyn.pl\/index.php?rest_route=%2Fwp%2Fv2%2Ftags&post=2986"}],"curies":[{"name":"wp","href":"https:\/\/api.w.org\/{rel}","templated":true}]}}