{"id":2791,"date":"2020-03-15T13:31:33","date_gmt":"2020-03-15T12:31:33","guid":{"rendered":"https:\/\/sp6kwidzyn.pl\/?p=2791"},"modified":"2020-03-16T13:52:10","modified_gmt":"2020-03-16T12:52:10","slug":"rekrutacja-2019-2020","status":"publish","type":"post","link":"https:\/\/sp6kwidzyn.pl\/?p=2791","title":{"rendered":"Rekrutacja 2020\/2021. Terminy i dokumenty do pobrania!"},"content":{"rendered":"<h2>\u00a0\u00a0 <img loading=\"lazy\" decoding=\"async\" class=\"wp-image-3976 alignleft\" src=\"https:\/\/sp6kwidzyn.pl\/wp-content\/uploads\/2020\/03\/rekrutacja2.png\" alt=\"\" width=\"462\" height=\"189\" srcset=\"https:\/\/sp6kwidzyn.pl\/wp-content\/uploads\/2020\/03\/rekrutacja2.png 1811w, https:\/\/sp6kwidzyn.pl\/wp-content\/uploads\/2020\/03\/rekrutacja2-300x123.png 300w, https:\/\/sp6kwidzyn.pl\/wp-content\/uploads\/2020\/03\/rekrutacja2-1024x418.png 1024w, https:\/\/sp6kwidzyn.pl\/wp-content\/uploads\/2020\/03\/rekrutacja2-768x314.png 768w, https:\/\/sp6kwidzyn.pl\/wp-content\/uploads\/2020\/03\/rekrutacja2-1536x628.png 1536w\" sizes=\"auto, (max-width: 462px) 100vw, 462px\" \/><\/h2>\n<h2 style=\"text-align: left;\"><strong>Rekrutacja 2020\/2021<\/strong><\/h2>\n<p>&nbsp;<\/p>\n<p>&nbsp;<\/p>\n<p>&nbsp;<\/p>\n<p><span style=\"color: #ff0000;\"><strong>Dokume<\/strong><\/span><span style=\"color: #ff0000;\"><strong>nty rekrutacyjne do pobrania<\/strong><\/span>:<\/p>\n<ol>\n<li><a href=\"https:\/\/sp6kwidzyn.pl\/wp-content\/uploads\/2020\/02\/O\u015bwiadczenie-woli-ucz\u0119szczania-dziecka-do-szko\u0142y-20_21.docx\">O\u015bwiadczenie woli ucz\u0119szczania dziecka do szko\u0142y<\/a><\/li>\n<li><a href=\"https:\/\/sp6kwidzyn.pl\/wp-content\/uploads\/2020\/02\/Wniosek-o-przyj\u0119cie-dziecka-do-klasy-sportowej.doc\">Wniosek o przyj\u0119cie dziecka do klasy sportowej<\/a><\/li>\n<li><a href=\"https:\/\/sp6kwidzyn.pl\/wp-content\/uploads\/2020\/02\/Wniosek-o-przyj\u0119cie-dziecka-do-szko\u0142y-dot.-dzieci-zamieszka\u0142ych-poza-obwodem-szko\u0142y.doc\">Wniosek o przyj\u0119cie dziecka do szko\u0142y (dot. dzieci zamieszka\u0142ych poza obwodem szko\u0142y)<\/a><\/li>\n<li><a href=\"https:\/\/sp6kwidzyn.pl\/wp-content\/uploads\/2020\/02\/Zg\u0142oszenie-dziecka-do-szko\u0142y-dot.-dzieci-zamieszka\u0142ych-w-obwodzie-szko\u0142y.doc\">Zg\u0142oszenie dziecka do szko\u0142y (dot. dzieci zamieszka\u0142ych w obwodzie szko\u0142y)<\/a><\/li>\n<li><a href=\"https:\/\/sp6kwidzyn.pl\/wp-content\/uploads\/2020\/02\/Harmonogram-post\u0119powania-rekrutacyjnego-na-rok-szkolny-2020.docx\">Harmonogram post\u0119powania rekrutacyjnego na rok szkolny 2020<\/a><\/li>\n<\/ol>\n<p style=\"text-align: center;\"><strong><span style=\"color: #ff0000;\">Harmonogram post\u0119powania rekrutacyjnego oraz post\u0119powania uzupe\u0142niaj\u0105cego na rok szk. 2020\/2021<\/span> <\/strong><\/p>\n<table width=\"940\">\n<tbody>\n<tr>\n<td style=\"text-align: center;\" width=\"19\">Lp.<\/td>\n<td width=\"388\"><strong>Rodzaj czynno\u015bci<\/strong><\/td>\n<td width=\"142\"><strong>Termin<\/strong><\/td>\n<td width=\"151\"><strong>Termin post\u0119powania uzupe\u0142niaj\u0105cego *<\/strong><\/td>\n<\/tr>\n<tr>\n<td width=\"19\">1.<\/td>\n<td width=\"388\">Z\u0142o\u017cenie wniosku o przyj\u0119cie do szko\u0142y podstawowej wraz z dokumentami potwierdzaj\u0105cymi spe\u0142nianie przez kandydata warunk\u00f3w lub kryteri\u00f3w branych pod uwag\u0119 w post\u0119powaniu rekrutacyjnym<\/td>\n<td width=\"142\"><strong>16-20 marca 2020 r<\/strong>. godz.8<u><sup>00<\/sup><\/u>-17<u><sup>00<\/sup><\/u><\/p>\n<p><strong>21 marca 2020 r.<\/strong> (sobota)<br \/>\ngodz. 9:00 do 13:00<\/td>\n<td width=\"151\"><strong>8-12 czerwca 2020\u00a0r<\/strong>. godz.8<u><sup>00<\/sup><\/u>-16<u><sup>00<\/sup><\/u><\/td>\n<\/tr>\n<tr>\n<td width=\"19\">2.<\/td>\n<td width=\"388\">Weryfikacja przez komisj\u0119 rekrutacyjn\u0105 zg\u0142osze\u0144\/wniosk\u00f3w o przyj\u0119cie do szko\u0142y podstawowej i dokument\u00f3w potwierdzaj\u0105cych spe\u0142nianie przez kandydata warunk\u00f3w lub kryteri\u00f3w branych pod uwag\u0119 w post\u0119powaniu rekrutacyjnym<\/td>\n<td width=\"142\"><strong>23 marca-29 kwietnia 2020 r<\/strong>.<\/td>\n<td width=\"151\"><strong>15-19\u00a0czerwca 2020<\/strong> r.<\/td>\n<\/tr>\n<tr>\n<td width=\"19\">3.<\/td>\n<td width=\"388\">Podanie do publicznej wiadomo\u015bci przez komisj\u0119 rekrutacyjn\u0105 listy kandydat\u00f3w zakwalifikowanych i niezakwalifikowanych<\/td>\n<td width=\"142\"><strong>30 kwietnia 2020 r<\/strong>. godz.14<u><sup>00<\/sup><\/u><\/td>\n<td width=\"151\"><strong>22 czerwca 2020 r<\/strong>. godz.14<u><sup>00<\/sup><\/u><\/td>\n<\/tr>\n<tr>\n<td width=\"19\">4.<\/td>\n<td width=\"388\">Potwierdzenie przez rodzica woli przyj\u0119cia w postaci pisemnego o\u015bwiadczenia<\/td>\n<td width=\"142\"><strong>do 8 maja 2020 r<\/strong>. do godz.10<u><sup>00<\/sup><\/u><\/td>\n<td width=\"151\"><strong>do 28\u00a0czerwca 2020 r.<\/strong> do godz.15<u><sup>00<\/sup><\/u><\/td>\n<\/tr>\n<tr>\n<td width=\"19\">5.<\/td>\n<td width=\"388\">Podanie do publicznej wiadomo\u015bci przez komisj\u0119 rekrutacyj-n\u0105 listy kandydat\u00f3w przyj\u0119tych i kandydat\u00f3w nieprzyj\u0119tych<\/td>\n<td width=\"142\"><strong>8 maja 2020 r.<\/strong> godz.14<u><sup>00<\/sup><\/u><\/td>\n<td width=\"151\"><strong>29 czerwca 2020 r<\/strong>.<br \/>\no godz.14<u><sup>00<\/sup><\/u><\/td>\n<\/tr>\n<tr>\n<td width=\"19\">6.<\/td>\n<td width=\"388\">Sk\u0142adanie przez rodzic\u00f3w kandydata wniosku do Przewodnicz\u0105cego Komisji Rekrutacyjnej o sporz\u0105dzenie uzasadnienia odmowy przyj\u0119cia dziecka do szko\u0142y<\/td>\n<td colspan=\"2\" width=\"293\"><strong>do 15 maja 2020 r<\/strong>.<\/td>\n<\/tr>\n<tr>\n<td width=\"19\">7.<\/td>\n<td width=\"388\">Przygotowanie i wydanie przez Przewodnicz\u0105cego Komisji Rekrutacyjnej uzasadnienia odmowy przyj\u0119cia dziecka doszko\u0142y<\/td>\n<td colspan=\"2\" width=\"293\"><strong>do 20 maja 2020 r<\/strong>.<\/td>\n<\/tr>\n<tr>\n<td width=\"19\">8.<\/td>\n<td width=\"388\">Z\u0142o\u017cenie przez rodzic\u00f3w kandydata do\u00a0dyrektora szko\u0142y odwo\u0142ania od rozstrzygni\u0119cia Komisji Rekrutacyjnej wyra\u017conego w pisemnym uzasadnieniu odmowy przyj\u0119cia<\/td>\n<td colspan=\"2\" width=\"293\"><strong>do 27 maja 2020 r<\/strong>.<\/td>\n<\/tr>\n<tr>\n<td width=\"19\">9.<\/td>\n<td width=\"388\">Rozpatrzenie przez dyrektora szko\u0142y odwo\u0142ania od rozstrzygni\u0119cia Komisji Rekrutacyjnej<\/td>\n<td colspan=\"2\" width=\"293\"><strong>do 3 czerwca 2020 r<\/strong>.<\/td>\n<\/tr>\n<\/tbody>\n<\/table>\n<p><strong><em>*<\/em><\/strong><em>Post\u0119powanie uzupe\u0142niaj\u0105ce przeprowadza si\u0119 je\u017celi po przeprowadzeniu post\u0119powania rekrutacyjnego przedszkole \/oddzia\u0142 przedszkolny nadal dysponuje wolnymi miejscami. Informacja taka zostanie umieszczona na stronie internetowej przedszkola\/oddzia\u0142u przedszkolnego oraz na tablicy og\u0142osze\u0144.<\/em><\/p>\n<p style=\"text-align: center;\"><strong>Dokumenty rekrutacyjne do pobrania<\/strong>:<\/p>\n<ol>\n<li><a href=\"https:\/\/sp6kwidzyn.pl\/wp-content\/uploads\/2020\/02\/O\u015bwiadczenie-woli-ucz\u0119szczania-dziecka-do-szko\u0142y-20_21.docx\">O\u015bwiadczenie woli ucz\u0119szczania dziecka do szko\u0142y<\/a><\/li>\n<li><a href=\"https:\/\/sp6kwidzyn.pl\/wp-content\/uploads\/2020\/02\/Wniosek-o-przyj\u0119cie-dziecka-do-klasy-sportowej.doc\">Wniosek o przyj\u0119cie dziecka do klasy sportowej<\/a><\/li>\n<li><a href=\"https:\/\/sp6kwidzyn.pl\/wp-content\/uploads\/2020\/02\/Wniosek-o-przyj\u0119cie-dziecka-do-szko\u0142y-dot.-dzieci-zamieszka\u0142ych-poza-obwodem-szko\u0142y.doc\">Wniosek o przyj\u0119cie dziecka do szko\u0142y (dot. dzieci zamieszka\u0142ych poza obwodem szko\u0142y)<\/a><\/li>\n<li><a href=\"https:\/\/sp6kwidzyn.pl\/wp-content\/uploads\/2020\/02\/Zg\u0142oszenie-dziecka-do-szko\u0142y-dot.-dzieci-zamieszka\u0142ych-w-obwodzie-szko\u0142y.doc\">Zg\u0142oszenie dziecka do szko\u0142y (dot. dzieci zamieszka\u0142ych w obwodzie szko\u0142y)<\/a><\/li>\n<li><a href=\"https:\/\/sp6kwidzyn.pl\/wp-content\/uploads\/2020\/02\/Harmonogram-post\u0119powania-rekrutacyjnego-na-rok-szkolny-2020.docx\">Harmonogram post\u0119powania rekrutacyjnego na rok szkolny 2020<\/a><\/li>\n<\/ol>\n","protected":false},"excerpt":{"rendered":"<p>\u00a0\u00a0 Rekrutacja 2020\/2021 &nbsp; &nbsp; &nbsp; Dokumenty rekrutacyjne do pobrania: O\u015bwiadczenie woli ucz\u0119szczania dziecka do szko\u0142y Wniosek o przyj\u0119cie dziecka [&hellip;]<\/p>\n","protected":false},"author":1,"featured_media":2823,"comment_status":"closed","ping_status":"closed","sticky":false,"template":"","format":"standard","meta":{"footnotes":""},"categories":[1],"tags":[],"class_list":["post-2791","post","type-post","status-publish","format-standard","has-post-thumbnail","hentry","category-bez-kategorii","has_thumb"],"aioseo_notices":[],"aioseo_head":"\n\t\t<!-- All in One SEO 5.0.1.1 - aioseo.com -->\n\t<meta name=\"robots\" content=\"max-image-preview:large\" \/>\n\t<meta name=\"author\" content=\"admin\"\/>\n\t<link rel=\"canonical\" href=\"https:\/\/sp6kwidzyn.pl\/?p=2791\" \/>\n\t<meta name=\"generator\" content=\"All in One SEO (AIOSEO) 5.0.1.1\" \/>\n\t\t<script type=\"application\/ld+json\" class=\"aioseo-schema\">\n\t\t\t{\"@context\":\"https:\\\/\\\/schema.org\",\"@graph\":[{\"@type\":\"Article\",\"@id\":\"https:\\\/\\\/sp6kwidzyn.pl\\\/?p=2791#article\",\"name\":\"Rekrutacja 2020\\\/2021. Terminy i dokumenty do pobrania! | Szko\\u0142a Podstawowa nr 6 im. W\\u0142adys\\u0142awa G\\u0119bika w Kwidzynie\",\"headline\":\"Rekrutacja 2020\\\/2021. Terminy i dokumenty do pobrania!\",\"author\":{\"@id\":\"https:\\\/\\\/sp6kwidzyn.pl\\\/?author=1#author\"},\"publisher\":{\"@id\":\"https:\\\/\\\/sp6kwidzyn.pl\\\/#organization\"},\"image\":{\"@type\":\"ImageObject\",\"url\":\"https:\\\/\\\/sp6kwidzyn.pl\\\/wp-content\\\/uploads\\\/2020\\\/02\\\/learn-scaled.jpg\",\"width\":2560,\"height\":807},\"datePublished\":\"2020-03-15T13:31:33+01:00\",\"dateModified\":\"2020-03-16T13:52:10+01:00\",\"inLanguage\":\"pl-PL\",\"mainEntityOfPage\":{\"@id\":\"https:\\\/\\\/sp6kwidzyn.pl\\\/?p=2791#webpage\"},\"isPartOf\":{\"@id\":\"https:\\\/\\\/sp6kwidzyn.pl\\\/?p=2791#webpage\"},\"articleSection\":\"Bez kategorii\"},{\"@type\":\"BreadcrumbList\",\"@id\":\"https:\\\/\\\/sp6kwidzyn.pl\\\/?p=2791#breadcrumblist\",\"itemListElement\":[{\"@type\":\"ListItem\",\"@id\":\"https:\\\/\\\/sp6kwidzyn.pl#listItem\",\"position\":1,\"name\":\"Home\",\"item\":\"https:\\\/\\\/sp6kwidzyn.pl\",\"nextItem\":{\"@type\":\"ListItem\",\"@id\":\"https:\\\/\\\/sp6kwidzyn.pl\\\/?cat=1#listItem\",\"name\":\"Bez kategorii\"}},{\"@type\":\"ListItem\",\"@id\":\"https:\\\/\\\/sp6kwidzyn.pl\\\/?cat=1#listItem\",\"position\":2,\"name\":\"Bez kategorii\",\"item\":\"https:\\\/\\\/sp6kwidzyn.pl\\\/?cat=1\",\"nextItem\":{\"@type\":\"ListItem\",\"@id\":\"https:\\\/\\\/sp6kwidzyn.pl\\\/?p=2791#listItem\",\"name\":\"Rekrutacja 2020\\\/2021. Terminy i dokumenty do pobrania!\"},\"previousItem\":{\"@type\":\"ListItem\",\"@id\":\"https:\\\/\\\/sp6kwidzyn.pl#listItem\",\"name\":\"Home\"}},{\"@type\":\"ListItem\",\"@id\":\"https:\\\/\\\/sp6kwidzyn.pl\\\/?p=2791#listItem\",\"position\":3,\"name\":\"Rekrutacja 2020\\\/2021. Terminy i dokumenty do pobrania!\",\"previousItem\":{\"@type\":\"ListItem\",\"@id\":\"https:\\\/\\\/sp6kwidzyn.pl\\\/?cat=1#listItem\",\"name\":\"Bez kategorii\"}}]},{\"@type\":\"Organization\",\"@id\":\"https:\\\/\\\/sp6kwidzyn.pl\\\/#organization\",\"name\":\"Szko\\u0142a Podstawowa nr 6 w Kwidzynie im. dra W\\u0142adys\\u0142awa G\\u0119bika z Oddzia\\u0142ami Integracyjnymi\",\"description\":\"Wtryna SP6 w Kwidzynie\",\"url\":\"https:\\\/\\\/sp6kwidzyn.pl\\\/\",\"telephone\":\"+48552793444\"},{\"@type\":\"Person\",\"@id\":\"https:\\\/\\\/sp6kwidzyn.pl\\\/?author=1#author\",\"url\":\"https:\\\/\\\/sp6kwidzyn.pl\\\/?author=1\",\"name\":\"admin\"},{\"@type\":\"WebPage\",\"@id\":\"https:\\\/\\\/sp6kwidzyn.pl\\\/?p=2791#webpage\",\"url\":\"https:\\\/\\\/sp6kwidzyn.pl\\\/?p=2791\",\"name\":\"Rekrutacja 2020\\\/2021. Terminy i dokumenty do pobrania! | Szko\\u0142a Podstawowa nr 6 im. W\\u0142adys\\u0142awa G\\u0119bika w Kwidzynie\",\"inLanguage\":\"pl-PL\",\"isPartOf\":{\"@id\":\"https:\\\/\\\/sp6kwidzyn.pl\\\/#website\"},\"breadcrumb\":{\"@id\":\"https:\\\/\\\/sp6kwidzyn.pl\\\/?p=2791#breadcrumblist\"},\"author\":{\"@id\":\"https:\\\/\\\/sp6kwidzyn.pl\\\/?author=1#author\"},\"creator\":{\"@id\":\"https:\\\/\\\/sp6kwidzyn.pl\\\/?author=1#author\"},\"image\":{\"@type\":\"ImageObject\",\"url\":\"https:\\\/\\\/sp6kwidzyn.pl\\\/wp-content\\\/uploads\\\/2020\\\/02\\\/learn-scaled.jpg\",\"@id\":\"https:\\\/\\\/sp6kwidzyn.pl\\\/?p=2791\\\/#mainImage\",\"width\":2560,\"height\":807},\"primaryImageOfPage\":{\"@id\":\"https:\\\/\\\/sp6kwidzyn.pl\\\/?p=2791#mainImage\"},\"datePublished\":\"2020-03-15T13:31:33+01:00\",\"dateModified\":\"2020-03-16T13:52:10+01:00\"},{\"@type\":\"WebSite\",\"@id\":\"https:\\\/\\\/sp6kwidzyn.pl\\\/#website\",\"url\":\"https:\\\/\\\/sp6kwidzyn.pl\\\/\",\"name\":\"Szko\\u0142a Podstawowa nr 6 im. W\\u0142adys\\u0142awa G\\u0119bika w Kwidzynie\",\"description\":\"Wtryna SP6 w Kwidzynie\",\"inLanguage\":\"pl-PL\",\"publisher\":{\"@id\":\"https:\\\/\\\/sp6kwidzyn.pl\\\/#organization\"}}]}\n\t\t<\/script>\n\t\t<!-- All in One SEO -->\n\n","aioseo_head_json":{"title":"Rekrutacja 2020\/2021. Terminy i dokumenty do pobrania! | Szko\u0142a Podstawowa nr 6 im. W\u0142adys\u0142awa G\u0119bika w Kwidzynie","description":"","canonical_url":"https:\/\/sp6kwidzyn.pl\/?p=2791","robots":"max-image-preview:large","keywords":"","webmasterTools":{"miscellaneous":""},"schema":{"@context":"https:\/\/schema.org","@graph":[{"@type":"Article","@id":"https:\/\/sp6kwidzyn.pl\/?p=2791#article","name":"Rekrutacja 2020\/2021. Terminy i dokumenty do pobrania! | Szko\u0142a Podstawowa nr 6 im. W\u0142adys\u0142awa G\u0119bika w Kwidzynie","headline":"Rekrutacja 2020\/2021. Terminy i dokumenty do pobrania!","author":{"@id":"https:\/\/sp6kwidzyn.pl\/?author=1#author"},"publisher":{"@id":"https:\/\/sp6kwidzyn.pl\/#organization"},"image":{"@type":"ImageObject","url":"https:\/\/sp6kwidzyn.pl\/wp-content\/uploads\/2020\/02\/learn-scaled.jpg","width":2560,"height":807},"datePublished":"2020-03-15T13:31:33+01:00","dateModified":"2020-03-16T13:52:10+01:00","inLanguage":"pl-PL","mainEntityOfPage":{"@id":"https:\/\/sp6kwidzyn.pl\/?p=2791#webpage"},"isPartOf":{"@id":"https:\/\/sp6kwidzyn.pl\/?p=2791#webpage"},"articleSection":"Bez kategorii"},{"@type":"BreadcrumbList","@id":"https:\/\/sp6kwidzyn.pl\/?p=2791#breadcrumblist","itemListElement":[{"@type":"ListItem","@id":"https:\/\/sp6kwidzyn.pl#listItem","position":1,"name":"Home","item":"https:\/\/sp6kwidzyn.pl","nextItem":{"@type":"ListItem","@id":"https:\/\/sp6kwidzyn.pl\/?cat=1#listItem","name":"Bez kategorii"}},{"@type":"ListItem","@id":"https:\/\/sp6kwidzyn.pl\/?cat=1#listItem","position":2,"name":"Bez kategorii","item":"https:\/\/sp6kwidzyn.pl\/?cat=1","nextItem":{"@type":"ListItem","@id":"https:\/\/sp6kwidzyn.pl\/?p=2791#listItem","name":"Rekrutacja 2020\/2021. Terminy i dokumenty do pobrania!"},"previousItem":{"@type":"ListItem","@id":"https:\/\/sp6kwidzyn.pl#listItem","name":"Home"}},{"@type":"ListItem","@id":"https:\/\/sp6kwidzyn.pl\/?p=2791#listItem","position":3,"name":"Rekrutacja 2020\/2021. Terminy i dokumenty do pobrania!","previousItem":{"@type":"ListItem","@id":"https:\/\/sp6kwidzyn.pl\/?cat=1#listItem","name":"Bez kategorii"}}]},{"@type":"Organization","@id":"https:\/\/sp6kwidzyn.pl\/#organization","name":"Szko\u0142a Podstawowa nr 6 w Kwidzynie im. dra W\u0142adys\u0142awa G\u0119bika z Oddzia\u0142ami Integracyjnymi","description":"Wtryna SP6 w Kwidzynie","url":"https:\/\/sp6kwidzyn.pl\/","telephone":"+48552793444"},{"@type":"Person","@id":"https:\/\/sp6kwidzyn.pl\/?author=1#author","url":"https:\/\/sp6kwidzyn.pl\/?author=1","name":"admin"},{"@type":"WebPage","@id":"https:\/\/sp6kwidzyn.pl\/?p=2791#webpage","url":"https:\/\/sp6kwidzyn.pl\/?p=2791","name":"Rekrutacja 2020\/2021. Terminy i dokumenty do pobrania! | Szko\u0142a Podstawowa nr 6 im. W\u0142adys\u0142awa G\u0119bika w Kwidzynie","inLanguage":"pl-PL","isPartOf":{"@id":"https:\/\/sp6kwidzyn.pl\/#website"},"breadcrumb":{"@id":"https:\/\/sp6kwidzyn.pl\/?p=2791#breadcrumblist"},"author":{"@id":"https:\/\/sp6kwidzyn.pl\/?author=1#author"},"creator":{"@id":"https:\/\/sp6kwidzyn.pl\/?author=1#author"},"image":{"@type":"ImageObject","url":"https:\/\/sp6kwidzyn.pl\/wp-content\/uploads\/2020\/02\/learn-scaled.jpg","@id":"https:\/\/sp6kwidzyn.pl\/?p=2791\/#mainImage","width":2560,"height":807},"primaryImageOfPage":{"@id":"https:\/\/sp6kwidzyn.pl\/?p=2791#mainImage"},"datePublished":"2020-03-15T13:31:33+01:00","dateModified":"2020-03-16T13:52:10+01:00"},{"@type":"WebSite","@id":"https:\/\/sp6kwidzyn.pl\/#website","url":"https:\/\/sp6kwidzyn.pl\/","name":"Szko\u0142a Podstawowa nr 6 im. W\u0142adys\u0142awa G\u0119bika w Kwidzynie","description":"Wtryna SP6 w Kwidzynie","inLanguage":"pl-PL","publisher":{"@id":"https:\/\/sp6kwidzyn.pl\/#organization"}}]}},"aioseo_meta_data":{"post_id":"2791","title":null,"description":null,"keywords":null,"keyphrases":null,"primary_term":null,"canonical_url":null,"og_title":null,"og_description":null,"og_object_type":"default","og_image_type":"default","og_image_url":null,"og_image_width":null,"og_image_height":null,"og_image_custom_url":null,"og_image_custom_fields":null,"og_video":null,"og_custom_url":null,"og_article_section":null,"og_article_tags":null,"twitter_use_og":false,"twitter_card":"default","twitter_image_type":"default","twitter_image_url":null,"twitter_image_custom_url":null,"twitter_image_custom_fields":null,"twitter_title":null,"twitter_description":null,"schema":{"blockGraphs":[],"customGraphs":[],"default":{"data":{"Article":[],"Course":[],"Dataset":[],"FAQPage":[],"Movie":[],"Person":[],"Product":[],"ProductReview":[],"Car":[],"Recipe":[],"Service":[],"SoftwareApplication":[],"WebPage":[]},"graphName":"","isEnabled":true},"graphs":[],"defaultGraph":"","defaultPostTypeGraph":""},"schema_type":null,"schema_type_options":null,"pillar_content":false,"robots_default":true,"robots_noindex":false,"robots_noarchive":false,"robots_nosnippet":false,"robots_nofollow":false,"robots_noimageindex":false,"robots_noodp":false,"robots_notranslate":false,"robots_max_snippet":null,"robots_max_videopreview":null,"robots_max_imagepreview":"large","priority":null,"frequency":null,"local_seo":null,"breadcrumb_settings":null,"limit_modified_date":false,"ai":null,"created":"2020-12-21 01:26:49","updated":"2022-09-14 04:50:46","seo_analyzer_scan_date":null,"focus_keyword":null,"additional_keywords":null,"truseo_locale":null},"_links":{"self":[{"href":"https:\/\/sp6kwidzyn.pl\/index.php?rest_route=\/wp\/v2\/posts\/2791","targetHints":{"allow":["GET"]}}],"collection":[{"href":"https:\/\/sp6kwidzyn.pl\/index.php?rest_route=\/wp\/v2\/posts"}],"about":[{"href":"https:\/\/sp6kwidzyn.pl\/index.php?rest_route=\/wp\/v2\/types\/post"}],"author":[{"embeddable":true,"href":"https:\/\/sp6kwidzyn.pl\/index.php?rest_route=\/wp\/v2\/users\/1"}],"replies":[{"embeddable":true,"href":"https:\/\/sp6kwidzyn.pl\/index.php?rest_route=%2Fwp%2Fv2%2Fcomments&post=2791"}],"version-history":[{"count":21,"href":"https:\/\/sp6kwidzyn.pl\/index.php?rest_route=\/wp\/v2\/posts\/2791\/revisions"}],"predecessor-version":[{"id":3988,"href":"https:\/\/sp6kwidzyn.pl\/index.php?rest_route=\/wp\/v2\/posts\/2791\/revisions\/3988"}],"wp:featuredmedia":[{"embeddable":true,"href":"https:\/\/sp6kwidzyn.pl\/index.php?rest_route=\/wp\/v2\/media\/2823"}],"wp:attachment":[{"href":"https:\/\/sp6kwidzyn.pl\/index.php?rest_route=%2Fwp%2Fv2%2Fmedia&parent=2791"}],"wp:term":[{"taxonomy":"category","embeddable":true,"href":"https:\/\/sp6kwidzyn.pl\/index.php?rest_route=%2Fwp%2Fv2%2Fcategories&post=2791"},{"taxonomy":"post_tag","embeddable":true,"href":"https:\/\/sp6kwidzyn.pl\/index.php?rest_route=%2Fwp%2Fv2%2Ftags&post=2791"}],"curies":[{"name":"wp","href":"https:\/\/api.w.org\/{rel}","templated":true}]}}