{"id":11926,"date":"2026-02-01T11:22:18","date_gmt":"2026-02-01T10:22:18","guid":{"rendered":"https:\/\/sp6kwidzyn.pl\/?p=11926"},"modified":"2026-02-01T11:28:16","modified_gmt":"2026-02-01T10:28:16","slug":"uwaga-zawieszenie-zajec-dydaktyczno-wychowawczych-2-3-lutego-br","status":"publish","type":"post","link":"https:\/\/sp6kwidzyn.pl\/?p=11926","title":{"rendered":"Uwaga! Zawieszenie zaj\u0119\u0107 dydaktyczno-wychowawczych 2 &#8211; 3 lutego br."},"content":{"rendered":"<p><strong>Szanowni Pa\u0144stwo<\/strong>,<br \/>\ndzia\u0142aj\u0105c na podstawie<strong> art. 68 ust. 1 pkt 6 ustawy z dnia 14 grudnia 2016 r. \u2013 Prawo o\u015bwiatowe<\/strong> (Dz.U. z 2024 r. poz. 737 z p\u00f3\u017an. zm.), zobowi\u0105zuj\u0105cego dyrektora szko\u0142y do zapewnienia bezpiecznych i higienicznych warunk\u00f3w pobytu uczni\u00f3w w plac\u00f3wce, a tak\u017ce zgodnie z \u00a7 18 <strong>rozporz\u0105dzenia Ministra Edukacji Narodowej i Sportu z dnia 31 grudnia 2002 r. w sprawie bezpiecze\u0144stwa i higieny w publicznych i niepublicznych szko\u0142ach i plac\u00f3wkach<\/strong> (Dz.U. z 2020 r. poz. 1604), za zgod\u0105 organu prowadz\u0105cego, <span style=\"color: #ff0000;\"><strong>zawieszam w terminie 2- 3 lutego br. zajecia dydaktyczno-wychowawcze.<\/strong><\/span><br \/>\nKonieczno\u015b\u0107 podj\u0119cia powy\u017cszej decyzji wynika z utrzymuj\u0105cych si\u0119 <strong>bardzo niskich temperatur powietrza<\/strong> w dniach poprzedzaj\u0105cych wskazany termin (<strong>oko\u0142o \u201315\u00b0C<\/strong>) oraz prognozowanego dalszego spadku temperatury w dniach 2\u20133 lutego 2026 r. <strong>oko\u0142o \u201320\u00b0C<\/strong>, co mo\u017ce stwarza\u0107 realne <strong>zagro\u017cenie dla zdrowia i bezpiecze\u0144stwa uczni\u00f3w oraz pracownik\u00f3w plac\u00f3wek<\/strong>, w szczeg\u00f3lno\u015bci podczas dojazd\u00f3w do szk\u00f3\u0142 oraz pobytu w budynkach szkolnych.<br \/>\nJednocze\u015bnie informuj\u0119, \u017ce w<strong> dniach 2\u20133 lutego 2026 r. zostan\u0105 zorganizowane zaj\u0119cia opieku\u0144cze w godzinach pracy swietlicy tj. od 6.45 do 16.15 dla uczni\u00f3w<\/strong>, kt\u00f3rych rodzice lub opiekunowie prawni nie b\u0119d\u0105 mogli zapewni\u0107 opieki we w\u0142asnym zakresie. Zaj\u0119cia te b\u0119d\u0105 prowadzone z zachowaniem obowi\u0105zuj\u0105cych zasad bezpiecze\u0144stwa oraz pod nadzorem wyznaczonych nauczycieli.<br \/>\nMaj\u0105c na uwadze nadrz\u0119dny obowi\u0105zek zapewnienia bezpiecznych i higienicznych warunk\u00f3w nauki i opieki, zawieszenie zaj\u0119\u0107 dydaktyczno-wychowawczych w powy\u017cszym terminie jest w pe\u0142ni zasadne.<\/p>\n<p><strong>Z wyrazami szacunku<\/strong><br \/>\n<strong>Dyrektor- Danuta Chodorowska<\/strong><\/p>\n","protected":false},"excerpt":{"rendered":"<p>Szanowni Pa\u0144stwo, dzia\u0142aj\u0105c na podstawie art. 68 ust. 1 pkt 6 ustawy z dnia 14 grudnia 2016 r. \u2013 Prawo [&hellip;]<\/p>\n","protected":false},"author":1,"featured_media":4205,"comment_status":"closed","ping_status":"closed","sticky":false,"template":"","format":"standard","meta":{"footnotes":""},"categories":[1],"tags":[],"class_list":["post-11926","post","type-post","status-publish","format-standard","has-post-thumbnail","hentry","category-bez-kategorii","has_thumb"],"aioseo_notices":[],"_links":{"self":[{"href":"https:\/\/sp6kwidzyn.pl\/index.php?rest_route=\/wp\/v2\/posts\/11926","targetHints":{"allow":["GET"]}}],"collection":[{"href":"https:\/\/sp6kwidzyn.pl\/index.php?rest_route=\/wp\/v2\/posts"}],"about":[{"href":"https:\/\/sp6kwidzyn.pl\/index.php?rest_route=\/wp\/v2\/types\/post"}],"author":[{"embeddable":true,"href":"https:\/\/sp6kwidzyn.pl\/index.php?rest_route=\/wp\/v2\/users\/1"}],"replies":[{"embeddable":true,"href":"https:\/\/sp6kwidzyn.pl\/index.php?rest_route=%2Fwp%2Fv2%2Fcomments&post=11926"}],"version-history":[{"count":3,"href":"https:\/\/sp6kwidzyn.pl\/index.php?rest_route=\/wp\/v2\/posts\/11926\/revisions"}],"predecessor-version":[{"id":11930,"href":"https:\/\/sp6kwidzyn.pl\/index.php?rest_route=\/wp\/v2\/posts\/11926\/revisions\/11930"}],"wp:featuredmedia":[{"embeddable":true,"href":"https:\/\/sp6kwidzyn.pl\/index.php?rest_route=\/wp\/v2\/media\/4205"}],"wp:attachment":[{"href":"https:\/\/sp6kwidzyn.pl\/index.php?rest_route=%2Fwp%2Fv2%2Fmedia&parent=11926"}],"wp:term":[{"taxonomy":"category","embeddable":true,"href":"https:\/\/sp6kwidzyn.pl\/index.php?rest_route=%2Fwp%2Fv2%2Fcategories&post=11926"},{"taxonomy":"post_tag","embeddable":true,"href":"https:\/\/sp6kwidzyn.pl\/index.php?rest_route=%2Fwp%2Fv2%2Ftags&post=11926"}],"curies":[{"name":"wp","href":"https:\/\/api.w.org\/{rel}","templated":true}]}}