{"id":11837,"date":"2025-12-03T08:35:28","date_gmt":"2025-12-03T07:35:28","guid":{"rendered":"https:\/\/sp6kwidzyn.pl\/?p=11837"},"modified":"2025-12-03T08:38:55","modified_gmt":"2025-12-03T07:38:55","slug":"indywidualne-konta-rozwojowe-ikr-junior","status":"publish","type":"post","link":"https:\/\/sp6kwidzyn.pl\/?p=11837","title":{"rendered":"Indywidualne Konta Rozwojowe (IKR)\u00a0Junior"},"content":{"rendered":"<p><a href=\"https:\/\/www.frse.org.pl\/fers-ikr\"><img loading=\"lazy\" decoding=\"async\" class=\"wp-image-11838 alignleft\" src=\"https:\/\/sp6kwidzyn.pl\/wp-content\/uploads\/2025\/12\/ikr.jpg\" alt=\"\" width=\"427\" height=\"417\" srcset=\"https:\/\/sp6kwidzyn.pl\/wp-content\/uploads\/2025\/12\/ikr.jpg 1237w, https:\/\/sp6kwidzyn.pl\/wp-content\/uploads\/2025\/12\/ikr-300x293.jpg 300w, https:\/\/sp6kwidzyn.pl\/wp-content\/uploads\/2025\/12\/ikr-1024x999.jpg 1024w, https:\/\/sp6kwidzyn.pl\/wp-content\/uploads\/2025\/12\/ikr-768x749.jpg 768w\" sizes=\"auto, (max-width: 427px) 100vw, 427px\" \/><\/a><\/p>\n<p>&nbsp;<\/p>\n<p>&nbsp;<\/p>\n<p>Ministerstwo Edukacji Narodowej informuje, \u017ce trwa rekrutacja do projektu\u00a0<a href=\"https:\/\/www.frse.org.pl\/fers-ikr\" target=\"_blank\" rel=\"noopener noreferrer\">Indywidualne Konta Rozwojowe (IKR)<\/a>\u00a0Junior. Ta inicjatywa finansowana ze \u015brodk\u00f3w europejskich ma na celu <strong>wsparcie dzieci i m\u0142odzie\u017c z rodzin o niskich dochodach<\/strong> oraz tych z pieczy zast\u0119pczej. Projekt skierowany jest do <strong>uczni\u00f3w szk\u00f3\u0142 podstawowych<\/strong> (<strong>klasy 4-8<\/strong>) oraz szk\u00f3\u0142 ponadpodstawowych.<\/p>\n<p>Celem projektu jest umo\u017cliwienie im rozwoju talent\u00f3w i pasji poprzez dost\u0119p do r\u00f3\u017cnorodnych form edukacji pozaformalnej. W ramach projektu uczestnik mo\u017ce otrzyma\u0107 trzyletnie stypendium w wysoko\u015bci <strong>15 000 z\u0142<\/strong> brutto na wybrane zaj\u0119cia dodatkowe (5 000 z\u0142 brutto\/rok szkolny).<\/p>\n<p>Zwracamy si\u0119 z uprzejm\u0105 pro\u015bb\u0105 o zapoznanie si\u0119 z informacjami na temat projektu i przekazanie ich zainteresowanym rodzicom. Mo\u017cna to zrobi\u0107 zamieszczaj\u0105c informacje na stronie internetowej szko\u0142y, umieszczaj\u0105c plakat na tablicy informacyjnej w szkole, w czasie spotka\u0144 z rodzicami lub poprzez wys\u0142anie wiadomo\u015bci do rodzic\u00f3w w e-dzienniku.<\/p>\n<p>&nbsp;<\/p>\n<p>&nbsp;<\/p>\n<p style=\"text-align: right;\">Z wyrazami szacunku<\/p>\n<p style=\"text-align: right;\"><strong>Kacper Lawera<\/strong><\/p>\n<p style=\"text-align: right;\"><strong>Dyrektor Departamentu Komunikacji<\/strong><\/p>\n<p style=\"text-align: right;\"><strong>Ministerstwo Edukacji Narodowej<\/strong><\/p>\n","protected":false},"excerpt":{"rendered":"<p>&nbsp; &nbsp; Ministerstwo Edukacji Narodowej informuje, \u017ce trwa rekrutacja do projektu\u00a0Indywidualne Konta Rozwojowe (IKR)\u00a0Junior. Ta inicjatywa finansowana ze \u015brodk\u00f3w europejskich [&hellip;]<\/p>\n","protected":false},"author":1,"featured_media":0,"comment_status":"closed","ping_status":"closed","sticky":false,"template":"","format":"standard","meta":{"footnotes":""},"categories":[1],"tags":[],"class_list":["post-11837","post","type-post","status-publish","format-standard","hentry","category-bez-kategorii","has_thumb"],"aioseo_notices":[],"_links":{"self":[{"href":"https:\/\/sp6kwidzyn.pl\/index.php?rest_route=\/wp\/v2\/posts\/11837","targetHints":{"allow":["GET"]}}],"collection":[{"href":"https:\/\/sp6kwidzyn.pl\/index.php?rest_route=\/wp\/v2\/posts"}],"about":[{"href":"https:\/\/sp6kwidzyn.pl\/index.php?rest_route=\/wp\/v2\/types\/post"}],"author":[{"embeddable":true,"href":"https:\/\/sp6kwidzyn.pl\/index.php?rest_route=\/wp\/v2\/users\/1"}],"replies":[{"embeddable":true,"href":"https:\/\/sp6kwidzyn.pl\/index.php?rest_route=%2Fwp%2Fv2%2Fcomments&post=11837"}],"version-history":[{"count":5,"href":"https:\/\/sp6kwidzyn.pl\/index.php?rest_route=\/wp\/v2\/posts\/11837\/revisions"}],"predecessor-version":[{"id":11844,"href":"https:\/\/sp6kwidzyn.pl\/index.php?rest_route=\/wp\/v2\/posts\/11837\/revisions\/11844"}],"wp:attachment":[{"href":"https:\/\/sp6kwidzyn.pl\/index.php?rest_route=%2Fwp%2Fv2%2Fmedia&parent=11837"}],"wp:term":[{"taxonomy":"category","embeddable":true,"href":"https:\/\/sp6kwidzyn.pl\/index.php?rest_route=%2Fwp%2Fv2%2Fcategories&post=11837"},{"taxonomy":"post_tag","embeddable":true,"href":"https:\/\/sp6kwidzyn.pl\/index.php?rest_route=%2Fwp%2Fv2%2Ftags&post=11837"}],"curies":[{"name":"wp","href":"https:\/\/api.w.org\/{rel}","templated":true}]}}