{"id":11828,"date":"2025-11-24T13:22:08","date_gmt":"2025-11-24T12:22:08","guid":{"rendered":"https:\/\/sp6kwidzyn.pl\/?p=11828"},"modified":"2025-11-24T13:27:57","modified_gmt":"2025-11-24T12:27:57","slug":"szkoladohymnu-2025-w-sp6-kwidzyn","status":"publish","type":"post","link":"https:\/\/sp6kwidzyn.pl\/?p=11828","title":{"rendered":"Szko\u0142aDoHymnu 2025 w SP6 Kwidzyn"},"content":{"rendered":"<p><iframe loading=\"lazy\" title=\"Razem dla Niepodleg\u0142ej \u2013 SP6 Kwidzyn w akcji #Szko\u0142aDoHymnu 2025\" width=\"500\" height=\"281\" src=\"https:\/\/www.youtube.com\/embed\/gSyrAuNXA6c?feature=oembed\" frameborder=\"0\" allow=\"accelerometer; autoplay; clipboard-write; encrypted-media; gyroscope; picture-in-picture; web-share\" referrerpolicy=\"strict-origin-when-cross-origin\" allowfullscreen><\/iframe><\/p>\n<p><strong>7 listopada<\/strong> ca\u0142a spo\u0142eczno\u015b\u0107 naszej szko\u0142y \u2013 uczniowie, nauczyciele i pracownicy \u2013 z dum\u0105 wzi\u0119\u0142a udzia\u0142 w og\u00f3lnopolskiej akcji \u201e<strong>Szko\u0142a do Hymnu<\/strong>\u201d.<\/p>\n<p>O godzinie <strong>11:11<\/strong> wsp\u00f3lnie od\u015bpiewali\u015bmy \u201e<strong>Mazurek D\u0105browskiego<\/strong>\u201d, daj\u0105c wyraz naszego patriotyzmu, szacunku do historii i <strong>mi\u0142o\u015bci do Ojczyzny<\/strong>.&#x1f90d;&#x2764;&#xfe0f;<\/p>\n<p>Uj\u0119cia z tego wyj\u0105tkowego wydarzenia zosta\u0142y zarejestrowane z lotu ptaka przez <strong>Marcina Chatysa<\/strong> \u2013 dzi\u0119kujemy za pi\u0119kne nagrania! &#x2728;<\/p>\n<p><strong>Narodowe \u015awi\u0119to Niepodleg\u0142o\u015bci \u2013 11 listopada<\/strong>, jednoczy nas wszystkich wok\u00f3\u0142 symboli narodowych i pomaga krzewi\u0107 postaw\u0119 patriotyzmu w\u015br\u00f3d najm\u0142odszych pokole\u0144.<\/p>\n<p>Niech d\u017awi\u0119k hymnu narodowego zawsze przypomina nam o wolno\u015bci, jedno\u015bci i dumie z bycia <strong>Polakiem<\/strong>.<\/p>\n<p>#Szko\u0142aDoHymnu 2025 w SP6 Kwidzyn<\/p>\n","protected":false},"excerpt":{"rendered":"<p>7 listopada ca\u0142a spo\u0142eczno\u015b\u0107 naszej szko\u0142y \u2013 uczniowie, nauczyciele i pracownicy \u2013 z dum\u0105 wzi\u0119\u0142a udzia\u0142 w og\u00f3lnopolskiej akcji \u201eSzko\u0142a [&hellip;]<\/p>\n","protected":false},"author":1,"featured_media":11834,"comment_status":"closed","ping_status":"closed","sticky":false,"template":"","format":"standard","meta":{"footnotes":""},"categories":[1],"tags":[],"class_list":["post-11828","post","type-post","status-publish","format-standard","has-post-thumbnail","hentry","category-bez-kategorii","has_thumb"],"aioseo_notices":[],"_links":{"self":[{"href":"https:\/\/sp6kwidzyn.pl\/index.php?rest_route=\/wp\/v2\/posts\/11828","targetHints":{"allow":["GET"]}}],"collection":[{"href":"https:\/\/sp6kwidzyn.pl\/index.php?rest_route=\/wp\/v2\/posts"}],"about":[{"href":"https:\/\/sp6kwidzyn.pl\/index.php?rest_route=\/wp\/v2\/types\/post"}],"author":[{"embeddable":true,"href":"https:\/\/sp6kwidzyn.pl\/index.php?rest_route=\/wp\/v2\/users\/1"}],"replies":[{"embeddable":true,"href":"https:\/\/sp6kwidzyn.pl\/index.php?rest_route=%2Fwp%2Fv2%2Fcomments&post=11828"}],"version-history":[{"count":3,"href":"https:\/\/sp6kwidzyn.pl\/index.php?rest_route=\/wp\/v2\/posts\/11828\/revisions"}],"predecessor-version":[{"id":11833,"href":"https:\/\/sp6kwidzyn.pl\/index.php?rest_route=\/wp\/v2\/posts\/11828\/revisions\/11833"}],"wp:featuredmedia":[{"embeddable":true,"href":"https:\/\/sp6kwidzyn.pl\/index.php?rest_route=\/wp\/v2\/media\/11834"}],"wp:attachment":[{"href":"https:\/\/sp6kwidzyn.pl\/index.php?rest_route=%2Fwp%2Fv2%2Fmedia&parent=11828"}],"wp:term":[{"taxonomy":"category","embeddable":true,"href":"https:\/\/sp6kwidzyn.pl\/index.php?rest_route=%2Fwp%2Fv2%2Fcategories&post=11828"},{"taxonomy":"post_tag","embeddable":true,"href":"https:\/\/sp6kwidzyn.pl\/index.php?rest_route=%2Fwp%2Fv2%2Ftags&post=11828"}],"curies":[{"name":"wp","href":"https:\/\/api.w.org\/{rel}","templated":true}]}}