{"id":11698,"date":"2025-08-25T18:14:34","date_gmt":"2025-08-25T16:14:34","guid":{"rendered":"https:\/\/sp6kwidzyn.pl\/?p=11698"},"modified":"2025-08-25T18:15:25","modified_gmt":"2025-08-25T16:15:25","slug":"uroczyste-rozpoczecie-roku-szkolnego-2025-2026","status":"publish","type":"post","link":"https:\/\/sp6kwidzyn.pl\/?p=11698","title":{"rendered":"Uroczyste rozpocz\u0119cie roku szkolnego 2025\/2026"},"content":{"rendered":"<p><img loading=\"lazy\" decoding=\"async\" class=\"wp-image-9220 alignleft\" src=\"https:\/\/sp6kwidzyn.pl\/wp-content\/uploads\/2022\/08\/rozpoczecie_roku2023.png\" alt=\"\" width=\"213\" height=\"121\" srcset=\"https:\/\/sp6kwidzyn.pl\/wp-content\/uploads\/2022\/08\/rozpoczecie_roku2023.png 1884w, https:\/\/sp6kwidzyn.pl\/wp-content\/uploads\/2022\/08\/rozpoczecie_roku2023-300x170.png 300w, https:\/\/sp6kwidzyn.pl\/wp-content\/uploads\/2022\/08\/rozpoczecie_roku2023-1024x581.png 1024w, https:\/\/sp6kwidzyn.pl\/wp-content\/uploads\/2022\/08\/rozpoczecie_roku2023-768x436.png 768w, https:\/\/sp6kwidzyn.pl\/wp-content\/uploads\/2022\/08\/rozpoczecie_roku2023-1536x872.png 1536w\" sizes=\"auto, (max-width: 213px) 100vw, 213px\" \/>Dnia <strong>01.09.2025<\/strong> o godzinie<strong> 9:00<\/strong> uroczystym <strong>apelem<\/strong> na dziedzi\u0144cu szko\u0142y rozpocznie si\u0119 w naszej szkole <strong>nowy rok szkolny 2025\/2026<\/strong>.<\/p>\n<p style=\"text-align: right;\"><strong>Serdecznie zapraszamy<\/strong><\/p>\n","protected":false},"excerpt":{"rendered":"<p>Dnia 01.09.2025 o godzinie 9:00 uroczystym apelem na dziedzi\u0144cu szko\u0142y rozpocznie si\u0119 w naszej szkole nowy rok szkolny 2025\/2026. Serdecznie [&hellip;]<\/p>\n","protected":false},"author":1,"featured_media":0,"comment_status":"closed","ping_status":"closed","sticky":false,"template":"","format":"standard","meta":{"footnotes":""},"categories":[1],"tags":[],"class_list":["post-11698","post","type-post","status-publish","format-standard","hentry","category-bez-kategorii","has_thumb"],"aioseo_notices":[],"_links":{"self":[{"href":"https:\/\/sp6kwidzyn.pl\/index.php?rest_route=\/wp\/v2\/posts\/11698","targetHints":{"allow":["GET"]}}],"collection":[{"href":"https:\/\/sp6kwidzyn.pl\/index.php?rest_route=\/wp\/v2\/posts"}],"about":[{"href":"https:\/\/sp6kwidzyn.pl\/index.php?rest_route=\/wp\/v2\/types\/post"}],"author":[{"embeddable":true,"href":"https:\/\/sp6kwidzyn.pl\/index.php?rest_route=\/wp\/v2\/users\/1"}],"replies":[{"embeddable":true,"href":"https:\/\/sp6kwidzyn.pl\/index.php?rest_route=%2Fwp%2Fv2%2Fcomments&post=11698"}],"version-history":[{"count":2,"href":"https:\/\/sp6kwidzyn.pl\/index.php?rest_route=\/wp\/v2\/posts\/11698\/revisions"}],"predecessor-version":[{"id":11700,"href":"https:\/\/sp6kwidzyn.pl\/index.php?rest_route=\/wp\/v2\/posts\/11698\/revisions\/11700"}],"wp:attachment":[{"href":"https:\/\/sp6kwidzyn.pl\/index.php?rest_route=%2Fwp%2Fv2%2Fmedia&parent=11698"}],"wp:term":[{"taxonomy":"category","embeddable":true,"href":"https:\/\/sp6kwidzyn.pl\/index.php?rest_route=%2Fwp%2Fv2%2Fcategories&post=11698"},{"taxonomy":"post_tag","embeddable":true,"href":"https:\/\/sp6kwidzyn.pl\/index.php?rest_route=%2Fwp%2Fv2%2Ftags&post=11698"}],"curies":[{"name":"wp","href":"https:\/\/api.w.org\/{rel}","templated":true}]}}