{"id":11693,"date":"2025-08-25T18:09:28","date_gmt":"2025-08-25T16:09:28","guid":{"rendered":"https:\/\/sp6kwidzyn.pl\/?p=11693"},"modified":"2025-08-26T08:49:35","modified_gmt":"2025-08-26T06:49:35","slug":"spotkanie-z-rodzicami-klas-pierwszszych","status":"publish","type":"post","link":"https:\/\/sp6kwidzyn.pl\/?p=11693","title":{"rendered":"Spotkanie z rodzicami klas pierwszszych"},"content":{"rendered":"<p><strong><img loading=\"lazy\" decoding=\"async\" class=\"wp-image-4205 alignleft\" src=\"https:\/\/sp6kwidzyn.pl\/wp-content\/uploads\/2020\/03\/exclamation-748366_1920.jpg\" alt=\"\" width=\"136\" height=\"96\" srcset=\"https:\/\/sp6kwidzyn.pl\/wp-content\/uploads\/2020\/03\/exclamation-748366_1920.jpg 1920w, https:\/\/sp6kwidzyn.pl\/wp-content\/uploads\/2020\/03\/exclamation-748366_1920-300x212.jpg 300w, https:\/\/sp6kwidzyn.pl\/wp-content\/uploads\/2020\/03\/exclamation-748366_1920-1024x724.jpg 1024w, https:\/\/sp6kwidzyn.pl\/wp-content\/uploads\/2020\/03\/exclamation-748366_1920-768x543.jpg 768w, https:\/\/sp6kwidzyn.pl\/wp-content\/uploads\/2020\/03\/exclamation-748366_1920-1536x1086.jpg 1536w\" sizes=\"auto, (max-width: 136px) 100vw, 136px\" \/><\/strong><\/p>\n<p><strong>29.08.2025<\/strong> o godzinie <strong>10:00<\/strong> odb\u0119dzie si\u0119 <strong>spotkanie z rodzicami klas I<\/strong>.<br \/>\nPodczas spotkania zostan\u0105 przekazane informacje dotycz\u0105ce <strong>organizacji roku szkolnego<\/strong>, <strong>wyprawki pierwszoklasisty<\/strong>, <strong>naboru do projektu Edukacji w\u0142\u0105czaj\u0105cej<\/strong>, zapis\u00f3w na <strong>obiady<\/strong> i do <strong>\u015bwietlicy<\/strong>.<\/p>\n","protected":false},"excerpt":{"rendered":"<p>29.08.2025 o godzinie 10:00 odb\u0119dzie si\u0119 spotkanie z rodzicami klas I. Podczas spotkania zostan\u0105 przekazane informacje dotycz\u0105ce organizacji roku szkolnego, [&hellip;]<\/p>\n","protected":false},"author":1,"featured_media":0,"comment_status":"closed","ping_status":"closed","sticky":false,"template":"","format":"standard","meta":{"footnotes":""},"categories":[1],"tags":[],"class_list":["post-11693","post","type-post","status-publish","format-standard","hentry","category-bez-kategorii","has_thumb"],"aioseo_notices":[],"_links":{"self":[{"href":"https:\/\/sp6kwidzyn.pl\/index.php?rest_route=\/wp\/v2\/posts\/11693","targetHints":{"allow":["GET"]}}],"collection":[{"href":"https:\/\/sp6kwidzyn.pl\/index.php?rest_route=\/wp\/v2\/posts"}],"about":[{"href":"https:\/\/sp6kwidzyn.pl\/index.php?rest_route=\/wp\/v2\/types\/post"}],"author":[{"embeddable":true,"href":"https:\/\/sp6kwidzyn.pl\/index.php?rest_route=\/wp\/v2\/users\/1"}],"replies":[{"embeddable":true,"href":"https:\/\/sp6kwidzyn.pl\/index.php?rest_route=%2Fwp%2Fv2%2Fcomments&post=11693"}],"version-history":[{"count":4,"href":"https:\/\/sp6kwidzyn.pl\/index.php?rest_route=\/wp\/v2\/posts\/11693\/revisions"}],"predecessor-version":[{"id":11702,"href":"https:\/\/sp6kwidzyn.pl\/index.php?rest_route=\/wp\/v2\/posts\/11693\/revisions\/11702"}],"wp:attachment":[{"href":"https:\/\/sp6kwidzyn.pl\/index.php?rest_route=%2Fwp%2Fv2%2Fmedia&parent=11693"}],"wp:term":[{"taxonomy":"category","embeddable":true,"href":"https:\/\/sp6kwidzyn.pl\/index.php?rest_route=%2Fwp%2Fv2%2Fcategories&post=11693"},{"taxonomy":"post_tag","embeddable":true,"href":"https:\/\/sp6kwidzyn.pl\/index.php?rest_route=%2Fwp%2Fv2%2Ftags&post=11693"}],"curies":[{"name":"wp","href":"https:\/\/api.w.org\/{rel}","templated":true}]}}