{"id":11599,"date":"2025-06-18T10:54:54","date_gmt":"2025-06-18T08:54:54","guid":{"rendered":"https:\/\/sp6kwidzyn.pl\/?p=11599"},"modified":"2025-06-18T11:46:13","modified_gmt":"2025-06-18T09:46:13","slug":"informacja-dotyczaca-zakonczenia-roku-szkolnego","status":"publish","type":"post","link":"https:\/\/sp6kwidzyn.pl\/?p=11599","title":{"rendered":"Informacja dotycz\u0105ca zako\u0144czenia roku szkolnego."},"content":{"rendered":"<h3 style=\"text-align: center;\">Przebieg zako\u0144czenia roku szkolnego 2024\/2025:<\/h3>\n<div>kl. 8:\u00a0 \u00a0 \u00a0 <strong>\u00a026.06.2025<\/strong> r. (czwartek) godz. <strong>15:30<\/strong><\/div>\n<div>kl. 1-7:\u00a0 \u00a0 <strong>27.06.2025<\/strong> r. (pi\u0105tek) godz. <strong>9:00<\/strong><\/div>\n<div><\/div>\n<div>W obu przypadkach zako\u0144czenie odb\u0119dzie si\u0119 <strong>na dziedzi\u0144cu szko\u0142y<\/strong>.<\/div>\n","protected":false},"excerpt":{"rendered":"<p>Przebieg zako\u0144czenia roku szkolnego 2024\/2025: kl. 8:\u00a0 \u00a0 \u00a0 \u00a026.06.2025 r. (czwartek) godz. 15:30 kl. 1-7:\u00a0 \u00a0 27.06.2025 r. (pi\u0105tek) [&hellip;]<\/p>\n","protected":false},"author":1,"featured_media":9932,"comment_status":"closed","ping_status":"closed","sticky":false,"template":"","format":"standard","meta":{"footnotes":""},"categories":[1],"tags":[],"class_list":["post-11599","post","type-post","status-publish","format-standard","has-post-thumbnail","hentry","category-bez-kategorii","has_thumb"],"aioseo_notices":[],"_links":{"self":[{"href":"https:\/\/sp6kwidzyn.pl\/index.php?rest_route=\/wp\/v2\/posts\/11599","targetHints":{"allow":["GET"]}}],"collection":[{"href":"https:\/\/sp6kwidzyn.pl\/index.php?rest_route=\/wp\/v2\/posts"}],"about":[{"href":"https:\/\/sp6kwidzyn.pl\/index.php?rest_route=\/wp\/v2\/types\/post"}],"author":[{"embeddable":true,"href":"https:\/\/sp6kwidzyn.pl\/index.php?rest_route=\/wp\/v2\/users\/1"}],"replies":[{"embeddable":true,"href":"https:\/\/sp6kwidzyn.pl\/index.php?rest_route=%2Fwp%2Fv2%2Fcomments&post=11599"}],"version-history":[{"count":3,"href":"https:\/\/sp6kwidzyn.pl\/index.php?rest_route=\/wp\/v2\/posts\/11599\/revisions"}],"predecessor-version":[{"id":11603,"href":"https:\/\/sp6kwidzyn.pl\/index.php?rest_route=\/wp\/v2\/posts\/11599\/revisions\/11603"}],"wp:featuredmedia":[{"embeddable":true,"href":"https:\/\/sp6kwidzyn.pl\/index.php?rest_route=\/wp\/v2\/media\/9932"}],"wp:attachment":[{"href":"https:\/\/sp6kwidzyn.pl\/index.php?rest_route=%2Fwp%2Fv2%2Fmedia&parent=11599"}],"wp:term":[{"taxonomy":"category","embeddable":true,"href":"https:\/\/sp6kwidzyn.pl\/index.php?rest_route=%2Fwp%2Fv2%2Fcategories&post=11599"},{"taxonomy":"post_tag","embeddable":true,"href":"https:\/\/sp6kwidzyn.pl\/index.php?rest_route=%2Fwp%2Fv2%2Ftags&post=11599"}],"curies":[{"name":"wp","href":"https:\/\/api.w.org\/{rel}","templated":true}]}}