{"id":11392,"date":"2025-05-16T14:08:55","date_gmt":"2025-05-16T12:08:55","guid":{"rendered":"https:\/\/sp6kwidzyn.pl\/?p=11392"},"modified":"2025-05-16T14:30:49","modified_gmt":"2025-05-16T12:30:49","slug":"ekologiczny-pokaz-mody-z-okazji-dnia-ziemi","status":"publish","type":"post","link":"https:\/\/sp6kwidzyn.pl\/?p=11392","title":{"rendered":"Ekologiczny Pokaz Mody z okazji Dnia Ziemi!"},"content":{"rendered":"<p>Niesamowite kreacje na naszym <strong>Ekologicznym Pokazie Mody<\/strong> klas 1-3 z okazji <strong>Dnia Ziemi<\/strong>! \u00a0Ogromna liczba uczestnik\u00f3w zaprezentowa\u0142a przepi\u0119kne i <strong>niezwykle kreatywne stroje z recyklingu<\/strong>. Jeste\u015bmy pod ogromnym wra\u017ceniem Waszej pomys\u0142owo\u015bci!<\/p>\n<p>Serdecznie dzi\u0119kujemy <strong>Hurtowni Papierniczej ELBO<\/strong> oraz <strong>Radzie Rodzic\u00f3w<\/strong> za ufundowanie wspania\u0142ych <strong>nagr\u00f3d<\/strong> dla naszych m\u0142odych ekolog\u00f3w.<\/p>\n<p>Ogromne podzi\u0119kowania nale\u017c\u0105 si\u0119 r\u00f3wnie\u017c naszemu wspania\u0142emu jury, kt\u00f3re podj\u0119\u0142o si\u0119 trudnego zadania wy\u0142onienia zwyci\u0119zc\u00f3w: Pani <strong>Bogus\u0142awa Dzikowska<\/strong> &#8211; w\u0142a\u015bcicielka Hurtowni Papierniczej ELBO, Pani Wicedyrektor <strong>Miros\u0142awa Makul<\/strong>, Pani Wicedyrektor <strong>Joanna Burandt-Oprawa<\/strong> oraz Pani <strong>Gra\u017cyna Pi\u00f3rkowska<\/strong>.<\/p>\n<p>1 miejsce &#8211; <strong>Maja Marek<\/strong> oraz <strong>Natan Gatz<\/strong><br \/>\n2 miejsce &#8211; <strong>Lena Kowalska<\/strong> oraz <strong>Natasza Jaworska<\/strong><br \/>\n3 miejsce &#8211; <strong>Zuzanna Winnicka<\/strong> oraz <strong>Maria Brzuszkiewicz<\/strong><br \/>\nWyr\u00f3\u017cnienie &#8211; <strong>Urszula Du\u015bko<\/strong> i <strong>Maja Dubas<\/strong><\/p>\n<p>Relacja &#8211; Pani <em><strong>Weronika Gruza<\/strong><\/em> i Pani <em><strong>Katarzyna Sipa<\/strong><\/em><\/p>\n<p><iframe loading=\"lazy\" title=\"EKOLOGICZNY POKAZ MODY 2025\" width=\"500\" height=\"281\" src=\"https:\/\/www.youtube.com\/embed\/IAR_sk_dbUo?feature=oembed\" frameborder=\"0\" allow=\"accelerometer; autoplay; clipboard-write; encrypted-media; gyroscope; picture-in-picture; web-share\" referrerpolicy=\"strict-origin-when-cross-origin\" allowfullscreen><\/iframe><\/p>\n","protected":false},"excerpt":{"rendered":"<p>Niesamowite kreacje na naszym Ekologicznym Pokazie Mody klas 1-3 z okazji Dnia Ziemi! \u00a0Ogromna liczba uczestnik\u00f3w zaprezentowa\u0142a przepi\u0119kne i niezwykle [&hellip;]<\/p>\n","protected":false},"author":1,"featured_media":11396,"comment_status":"closed","ping_status":"closed","sticky":false,"template":"","format":"standard","meta":{"footnotes":""},"categories":[1],"tags":[],"class_list":["post-11392","post","type-post","status-publish","format-standard","has-post-thumbnail","hentry","category-bez-kategorii","has_thumb"],"aioseo_notices":[],"_links":{"self":[{"href":"https:\/\/sp6kwidzyn.pl\/index.php?rest_route=\/wp\/v2\/posts\/11392","targetHints":{"allow":["GET"]}}],"collection":[{"href":"https:\/\/sp6kwidzyn.pl\/index.php?rest_route=\/wp\/v2\/posts"}],"about":[{"href":"https:\/\/sp6kwidzyn.pl\/index.php?rest_route=\/wp\/v2\/types\/post"}],"author":[{"embeddable":true,"href":"https:\/\/sp6kwidzyn.pl\/index.php?rest_route=\/wp\/v2\/users\/1"}],"replies":[{"embeddable":true,"href":"https:\/\/sp6kwidzyn.pl\/index.php?rest_route=%2Fwp%2Fv2%2Fcomments&post=11392"}],"version-history":[{"count":2,"href":"https:\/\/sp6kwidzyn.pl\/index.php?rest_route=\/wp\/v2\/posts\/11392\/revisions"}],"predecessor-version":[{"id":11394,"href":"https:\/\/sp6kwidzyn.pl\/index.php?rest_route=\/wp\/v2\/posts\/11392\/revisions\/11394"}],"wp:featuredmedia":[{"embeddable":true,"href":"https:\/\/sp6kwidzyn.pl\/index.php?rest_route=\/wp\/v2\/media\/11396"}],"wp:attachment":[{"href":"https:\/\/sp6kwidzyn.pl\/index.php?rest_route=%2Fwp%2Fv2%2Fmedia&parent=11392"}],"wp:term":[{"taxonomy":"category","embeddable":true,"href":"https:\/\/sp6kwidzyn.pl\/index.php?rest_route=%2Fwp%2Fv2%2Fcategories&post=11392"},{"taxonomy":"post_tag","embeddable":true,"href":"https:\/\/sp6kwidzyn.pl\/index.php?rest_route=%2Fwp%2Fv2%2Ftags&post=11392"}],"curies":[{"name":"wp","href":"https:\/\/api.w.org\/{rel}","templated":true}]}}