{"id":11332,"date":"2025-04-07T09:26:10","date_gmt":"2025-04-07T07:26:10","guid":{"rendered":"https:\/\/sp6kwidzyn.pl\/?p=11332"},"modified":"2025-04-07T09:26:31","modified_gmt":"2025-04-07T07:26:31","slug":"sukcesy-naszych-uczniow-w-konkursach-historycznych","status":"publish","type":"post","link":"https:\/\/sp6kwidzyn.pl\/?p=11332","title":{"rendered":"Sukcesy naszych uczni\u00f3w w konkursach historycznych!"},"content":{"rendered":"<p class=\"gmail-\">Z ogromn\u0105 rado\u015bci\u0105 informujemy o wspania\u0142ych osi\u0105gni\u0119ciach naszych uczni\u00f3w w\u00a0<strong>wojew\u00f3dzkich konkursach historycznych<\/strong>!<\/p>\n<p class=\"gmail-\">\u00a0<strong>1. Wojew\u00f3dzki Konkurs z Historii dla uczni\u00f3w klas IV\u2013VIII szk\u00f3\u0142 podstawowych wojew\u00f3dztwa pomorskiego<\/strong><br \/>\nWiktor Wi\u015bniewski z klasy <strong>6c<\/strong>\u00a0po raz kolejny udowodni\u0142, \u017ce historia to jego pasja \u2013\u00a0<strong>zosta\u0142 finalist\u0105 konkursu<\/strong>, uzyskuj\u0105c imponuj\u0105cy wynik\u00a0<strong>85%<\/strong>!<\/p>\n<p class=\"gmail-\">\u00a0<strong>2. XV Wojew\u00f3dzki Konkurs Historyczny \u201eHistoria regionalna. Polacy w Wolnym Mie\u015bcie Gda\u0144sku 1920\u20131939\u201d<\/strong><br \/>\nWiktor Wi\u015bniewski zdoby\u0142 tytu\u0142 <strong>laureata<\/strong>, a Micha\u0142 Szkli\u0144ski z klasy\u00a0<strong>8b<\/strong>\u00a0\u2013 tytu\u0142\u00a0<strong>finalisty<\/strong>!<br \/>\nCo wi\u0119cej \u2013 jako <strong>jedyni reprezentowali nasze miasto<\/strong>\u00a0i osi\u0105gn\u0119li\u00a0<strong>najwy\u017csze lokaty<\/strong>\u00a0w konkursie!<\/p>\n<p class=\"gmail-\">\u00a0Uczni\u00f3w do konkurs\u00f3w przygotowa\u0142 p. <strong>Dawid Reschke<\/strong><\/p>\n<p class=\"gmail-\" style=\"text-align: right;\"><strong>Brawo, Wiktor! Brawo, Micha\u0142!\u00a0<\/strong><br \/>\n<strong>Jeste\u015bmy z Was dumni!\u00a0<\/strong><\/p>\n","protected":false},"excerpt":{"rendered":"<p>Z ogromn\u0105 rado\u015bci\u0105 informujemy o wspania\u0142ych osi\u0105gni\u0119ciach naszych uczni\u00f3w w\u00a0wojew\u00f3dzkich konkursach historycznych! \u00a01. Wojew\u00f3dzki Konkurs z Historii dla uczni\u00f3w klas [&hellip;]<\/p>\n","protected":false},"author":1,"featured_media":10469,"comment_status":"closed","ping_status":"closed","sticky":false,"template":"","format":"standard","meta":{"footnotes":""},"categories":[1],"tags":[],"class_list":["post-11332","post","type-post","status-publish","format-standard","has-post-thumbnail","hentry","category-bez-kategorii","has_thumb"],"aioseo_notices":[],"_links":{"self":[{"href":"https:\/\/sp6kwidzyn.pl\/index.php?rest_route=\/wp\/v2\/posts\/11332","targetHints":{"allow":["GET"]}}],"collection":[{"href":"https:\/\/sp6kwidzyn.pl\/index.php?rest_route=\/wp\/v2\/posts"}],"about":[{"href":"https:\/\/sp6kwidzyn.pl\/index.php?rest_route=\/wp\/v2\/types\/post"}],"author":[{"embeddable":true,"href":"https:\/\/sp6kwidzyn.pl\/index.php?rest_route=\/wp\/v2\/users\/1"}],"replies":[{"embeddable":true,"href":"https:\/\/sp6kwidzyn.pl\/index.php?rest_route=%2Fwp%2Fv2%2Fcomments&post=11332"}],"version-history":[{"count":1,"href":"https:\/\/sp6kwidzyn.pl\/index.php?rest_route=\/wp\/v2\/posts\/11332\/revisions"}],"predecessor-version":[{"id":11333,"href":"https:\/\/sp6kwidzyn.pl\/index.php?rest_route=\/wp\/v2\/posts\/11332\/revisions\/11333"}],"wp:featuredmedia":[{"embeddable":true,"href":"https:\/\/sp6kwidzyn.pl\/index.php?rest_route=\/wp\/v2\/media\/10469"}],"wp:attachment":[{"href":"https:\/\/sp6kwidzyn.pl\/index.php?rest_route=%2Fwp%2Fv2%2Fmedia&parent=11332"}],"wp:term":[{"taxonomy":"category","embeddable":true,"href":"https:\/\/sp6kwidzyn.pl\/index.php?rest_route=%2Fwp%2Fv2%2Fcategories&post=11332"},{"taxonomy":"post_tag","embeddable":true,"href":"https:\/\/sp6kwidzyn.pl\/index.php?rest_route=%2Fwp%2Fv2%2Ftags&post=11332"}],"curies":[{"name":"wp","href":"https:\/\/api.w.org\/{rel}","templated":true}]}}