{"id":11116,"date":"2025-02-11T08:38:56","date_gmt":"2025-02-11T07:38:56","guid":{"rendered":"https:\/\/sp6kwidzyn.pl\/?p=11116"},"modified":"2025-02-11T08:44:57","modified_gmt":"2025-02-11T07:44:57","slug":"dzien-bezpiecznego-internetu-2025","status":"publish","type":"post","link":"https:\/\/sp6kwidzyn.pl\/?p=11116","title":{"rendered":"Dzie\u0144 Bezpiecznego Internetu 2025"},"content":{"rendered":"<p>&nbsp;<\/p>\n<div>\n<div>\n<p><img loading=\"lazy\" decoding=\"async\" class=\"alignleft\" src=\"https:\/\/www.saferinternet.pl\/foto\/\/DBI%202019\/DBI2025\/maskotka2025\/strona_DBI_.png\" alt=\"\" width=\"225\" height=\"207\" \/><strong>Dzie\u0144<\/strong><strong>\u00a0Bezpiecznego Internetu (DBI)<\/strong>\u00a0ustanowiony zosta\u0142 z inicjatywy Komisji Europejskiej w 2004 roku. \u015awi\u0119towany jest na ca\u0142ym \u015bwiecie. Z pe\u0142n\u0105 list\u0105 zaanga\u017cowanych pa\u0144stw i instytucji oraz podj\u0119tymi przez nie dzia\u0142aniami zapozna\u0107 si\u0119 mo\u017cna na stronie\u00a0<a title=\"https:\/\/www.saferinternetday.org\/\" href=\"https:\/\/www.saferinternetday.org\/\" target=\"_blank\" rel=\"noopener\"><strong>www.saferinternetday.org.<\/strong><\/a><\/p>\n<p>Organizatorem wydarzenia w Polsce od 2005 roku jest\u00a0<strong>Polskie Centrum Programu Safer Internet<\/strong>\u00a0(PCPSI), kt\u00f3re tworz\u0105 pa\u0144stwowy instytut badawczy\u00a0<a title=\"https:\/\/nask.pl\/\" href=\"https:\/\/nask.pl\/\" target=\"_blank\" rel=\"noopener\"><strong>NASK<\/strong><\/a>\u00a0oraz\u00a0<a title=\"https:\/\/fdds.pl\/\" href=\"https:\/\/fdds.pl\/\" target=\"_blank\" rel=\"noopener\"><strong>Fundacja Dajemy Dzieciom Si\u0142\u0119<\/strong><\/a>\u00a0\u2013 realizatorzy unijnego programu\u00a0\u201eDigital Europe\u201d.\u00a0Wydarzenie obj\u0119te zosta\u0142o honorowym patronatem przez Ministra Cyfryzacji,\u00a0Ministra Edukacji,\u00a0\u00a0Rzecznika Praw Dziecka, polskiej Prezydencji w Radzie UE oraz Centrum Nauki Kopernika.<\/p>\n<\/div>\n<p>DBI ma na celu inicjowanie i propagowanie dzia\u0142a\u0144 na rzecz bezpiecznego dost\u0119pu dzieci i m\u0142odzie\u017cy do zasob\u00f3w internetowych, zaznajamianie rodzic\u00f3w, nauczycieli i wychowawc\u00f3w z problematyk\u0105 bezpiecze\u0144stwa online oraz promocj\u0119 pozytywnego wykorzystywania Internetu.<\/p>\n<\/div>\n<p><strong>Dzie\u0144 Bezpiecznego Internetu 2025<\/strong>\u00a0przypada na\u00a0\u00a0<strong>11\u00a0lutego<\/strong>, ale jego obchody w formie realizowanych w ca\u0142ej Polsce lokalnych inicjatyw edukacyjnych s\u0105 zaplanowane a\u017c do ko\u0144ca marca 2025.<\/p>\n<div>11 lutego odb\u0119dzie si\u0119\u00a0<strong>Gala DBI 2025<\/strong>, organizowana stacjonarnie w Warszawie.<\/div>\n<p>&nbsp;<\/p>\n","protected":false},"excerpt":{"rendered":"<p>&nbsp; Dzie\u0144\u00a0Bezpiecznego Internetu (DBI)\u00a0ustanowiony zosta\u0142 z inicjatywy Komisji Europejskiej w 2004 roku. \u015awi\u0119towany jest na ca\u0142ym \u015bwiecie. Z pe\u0142n\u0105 list\u0105 [&hellip;]<\/p>\n","protected":false},"author":1,"featured_media":11122,"comment_status":"closed","ping_status":"closed","sticky":false,"template":"","format":"standard","meta":{"footnotes":""},"categories":[1],"tags":[],"class_list":["post-11116","post","type-post","status-publish","format-standard","has-post-thumbnail","hentry","category-bez-kategorii","has_thumb"],"aioseo_notices":[],"_links":{"self":[{"href":"https:\/\/sp6kwidzyn.pl\/index.php?rest_route=\/wp\/v2\/posts\/11116","targetHints":{"allow":["GET"]}}],"collection":[{"href":"https:\/\/sp6kwidzyn.pl\/index.php?rest_route=\/wp\/v2\/posts"}],"about":[{"href":"https:\/\/sp6kwidzyn.pl\/index.php?rest_route=\/wp\/v2\/types\/post"}],"author":[{"embeddable":true,"href":"https:\/\/sp6kwidzyn.pl\/index.php?rest_route=\/wp\/v2\/users\/1"}],"replies":[{"embeddable":true,"href":"https:\/\/sp6kwidzyn.pl\/index.php?rest_route=%2Fwp%2Fv2%2Fcomments&post=11116"}],"version-history":[{"count":3,"href":"https:\/\/sp6kwidzyn.pl\/index.php?rest_route=\/wp\/v2\/posts\/11116\/revisions"}],"predecessor-version":[{"id":11123,"href":"https:\/\/sp6kwidzyn.pl\/index.php?rest_route=\/wp\/v2\/posts\/11116\/revisions\/11123"}],"wp:featuredmedia":[{"embeddable":true,"href":"https:\/\/sp6kwidzyn.pl\/index.php?rest_route=\/wp\/v2\/media\/11122"}],"wp:attachment":[{"href":"https:\/\/sp6kwidzyn.pl\/index.php?rest_route=%2Fwp%2Fv2%2Fmedia&parent=11116"}],"wp:term":[{"taxonomy":"category","embeddable":true,"href":"https:\/\/sp6kwidzyn.pl\/index.php?rest_route=%2Fwp%2Fv2%2Fcategories&post=11116"},{"taxonomy":"post_tag","embeddable":true,"href":"https:\/\/sp6kwidzyn.pl\/index.php?rest_route=%2Fwp%2Fv2%2Ftags&post=11116"}],"curies":[{"name":"wp","href":"https:\/\/api.w.org\/{rel}","templated":true}]}}